{"id":2582,"date":"2025-08-08T18:30:04","date_gmt":"2025-08-08T21:30:04","guid":{"rendered":"https:\/\/ordemterceira.com.br\/?p=2582"},"modified":"2025-08-08T18:33:42","modified_gmt":"2025-08-08T21:33:42","slug":"como-alcancar-a-deus-atraves-da-vida-intelectual","status":"publish","type":"post","link":"https:\/\/ordemterceira.com.br\/index.php\/2025\/08\/08\/como-alcancar-a-deus-atraves-da-vida-intelectual\/","title":{"rendered":"Como alcan\u00e7ar a Deus atrav\u00e9s da vida intelectual"},"content":{"rendered":"\t\t<div data-elementor-type=\"wp-post\" data-elementor-id=\"2582\" class=\"elementor elementor-2582\" data-elementor-post-type=\"post\">\n\t\t\t\t<div class=\"elementor-element elementor-element-7ba6ca2b e-flex e-con-boxed e-con e-parent\" data-id=\"7ba6ca2b\" data-element_type=\"container\">\n\t\t\t\t\t<div class=\"e-con-inner\">\n\t\t\t\t<div class=\"elementor-element elementor-element-6d6864ee elementor-widget elementor-widget-text-editor\" data-id=\"6d6864ee\" data-element_type=\"widget\" data-widget_type=\"text-editor.default\">\n\t\t\t\t<div class=\"elementor-widget-container\">\n\t\t\t\t\t\t\t\t\t\n<p><span style=\"font-weight: 400;\">A vida intelectual, quando orientada para a verdade, pode ser um caminho poderoso para aprofundar a vida de ora\u00e7\u00e3o.\u00a0<\/span><\/p>\n<p><span style=\"font-weight: 400;\">Inspirado em <\/span><i><span style=\"font-weight: 400;\">A Vida Intelectual<\/span><\/i><span style=\"font-weight: 400;\"> de A. D. Sertillanges, este artigo explora como o trabalho intelectual, enraizado na busca pela verdade, pode nutrir a espiritualidade crist\u00e3.\u00a0<\/span><\/p>\n<p><span style=\"font-weight: 400;\">O autor apresenta a voca\u00e7\u00e3o intelectual como uma consagra\u00e7\u00e3o, um chamado a servir a Deus e aos outros por meio do estudo e da contempla\u00e7\u00e3o.\u00a0<\/span><\/p>\n<p><span style=\"font-weight: 400;\">Abaixo, apresentamos um guia pr\u00e1tico, dividido em t\u00f3picos, com cita\u00e7\u00f5es do livro e sugest\u00f5es para integrar a vida intelectual \u00e0 ora\u00e7\u00e3o, transformando o estudo em um ato de louvor.<\/span><\/p>\n<p>\u00a0<\/p>\n<h2><b>A voca\u00e7\u00e3o intelectual como consagra\u00e7\u00e3o espiritual<\/b><\/h2>\n<p><span style=\"font-weight: 400;\">Sertillanges afirma que <\/span><i><span style=\"font-weight: 400;\">\u201co intelectual \u00e9 um consagrado\u201d (p. 6)<\/span><\/i><span style=\"font-weight: 400;\">, chamado a servir a verdade com dedica\u00e7\u00e3o total, como um sacerdote oferece sua vida a Deus.\u00a0<\/span><\/p>\n<p><b>Essa consagra\u00e7\u00e3o exige um compromisso de alma e cora\u00e7\u00e3o, onde o estudo se torna uma forma de ora\u00e7\u00e3o.\u00a0<\/b><\/p>\n<p><span style=\"font-weight: 400;\">A vida intelectual, quando vivida com inten\u00e7\u00e3o espiritual, \u00e9 um di\u00e1logo com o divino, pois <\/span><i><span style=\"font-weight: 400;\">\u201ca verdade s\u00f3 presta servi\u00e7os a quem a serve\u201d (p. 6).<\/span><\/i><span style=\"font-weight: 400;\">\u00a0<\/span><\/p>\n<p><span style=\"font-weight: 400;\">Assim, o intelectual crist\u00e3o deve alinhar seu trabalho com a busca pela Verdade suprema, que \u00e9 Deus.<\/span><\/p>\n<ul>\n<li style=\"font-weight: 400;\" aria-level=\"1\"><b>Pr\u00e1tica<\/b><span style=\"font-weight: 400;\">: Antes de iniciar o estudo, fa\u00e7a uma breve ora\u00e7\u00e3o, como a de S\u00e3o Tom\u00e1s de Aquino: <\/span><i><span style=\"font-weight: 400;\">\u201cConcedei-me, \u00f3 Deus, a intelig\u00eancia para compreender, a mem\u00f3ria para reter e a vontade para perseverar\u201d.<\/span><\/i><span style=\"font-weight: 400;\"> Dedique seu trabalho intelectual a Deus, transformando-o em um ato de louvor.<\/span><\/li>\n<li style=\"font-weight: 400;\" aria-level=\"1\"><b>Dica<\/b><span style=\"font-weight: 400;\">: Reserve 5 minutos no in\u00edcio do dia para meditar sobre sua voca\u00e7\u00e3o intelectual como um chamado divino, pedindo a gra\u00e7a de ver a verdade em seus estudos.<\/span><\/li>\n<\/ul>\n<h2>\u00a0<\/h2>\n<h2><b>O esp\u00edrito de ora\u00e7\u00e3o no trabalho intelectual<\/b><\/h2>\n<p><span style=\"font-weight: 400;\">O estudo, para Sertillanges, deve ser permeado por um <\/span><i><span style=\"font-weight: 400;\">\u201cesp\u00edrito de ora\u00e7\u00e3o\u201d (p. 26)<\/span><\/i><span style=\"font-weight: 400;\">.\u00a0<\/span><\/p>\n<p><span style=\"font-weight: 400;\">Ele cita S\u00e3o Tom\u00e1s: <\/span><i><span style=\"font-weight: 400;\">\u201cGuarda a pureza de consci\u00eancia, n\u00e3o cesses de imitar o procedimento dos santos e dos homens de bem\u201d (p. 22).<\/span><\/i><span style=\"font-weight: 400;\">\u00a0<\/span><\/p>\n<p><span style=\"font-weight: 400;\">A ora\u00e7\u00e3o no trabalho intelectual n\u00e3o requer <\/span><i><span style=\"font-weight: 400;\">\u201cencanta\u00e7\u00f5es misteriosas\u201d (p. 28)<\/span><\/i><span style=\"font-weight: 400;\">, mas uma atitude de abertura \u00e0 gra\u00e7a, onde o estudante se coloca na presen\u00e7a de Deus.\u00a0<\/span><\/p>\n<p><span style=\"font-weight: 400;\">Essa disposi\u00e7\u00e3o transforma o estudo em uma contempla\u00e7\u00e3o do divino, pois <\/span><i><span style=\"font-weight: 400;\">\u201ctoda a verdade se destaca no Infinito como num fundo de perspectiva\u201d (p. 28).<\/span><\/i><\/p>\n<ul>\n<li style=\"font-weight: 400;\" aria-level=\"1\"><b>Pr\u00e1tica<\/b><span style=\"font-weight: 400;\">: Durante o estudo, pause por 1-2 minutos a cada hora para uma ora\u00e7\u00e3o breve, como: \u201cSenhor, ilumina minha mente para ver Tua verdade\u201d. Isso mant\u00e9m o foco espiritual.<\/span><\/li>\n<li style=\"font-weight: 400;\" aria-level=\"1\"><b>Dica<\/b><span style=\"font-weight: 400;\">: Use um caderno para anotar reflex\u00f5es espirituais que surgem durante o estudo, conectando ideias intelectuais a verdades da f\u00e9.<\/span><\/li>\n<\/ul>\n<p>\u00a0<\/p>\n<h2><b>Disciplina do corpo para sustentar a ora\u00e7\u00e3o e o estudo<\/b><\/h2>\n<p><span style=\"font-weight: 400;\">Sertillanges enfatiza a<\/span><i><span style=\"font-weight: 400;\"> \u201cdisciplina do corpo\u201d <\/span><\/i><span style=\"font-weight: 400;\">como essencial para a vida intelectual e, por extens\u00e3o, para a ora\u00e7\u00e3o (p. 30).\u00a0<\/span><\/p>\n<p><span style=\"font-weight: 400;\">Um corpo saud\u00e1vel sustenta uma mente clara, capaz de se elevar \u00e0 contempla\u00e7\u00e3o.\u00a0<\/span><\/p>\n<p><span style=\"font-weight: 400;\">Ele alerta: <\/span><i><span style=\"font-weight: 400;\">\u201cA alma de cada qual n\u00e3o comunica com a verdade e consigo pr\u00f3pria sen\u00e3o pelo corpo\u201d (p. 31).<\/span><\/i><span style=\"font-weight: 400;\">\u00a0<\/span><\/p>\n<p><span style=\"font-weight: 400;\">Assim, cuidar do corpo \u2013 com sono adequado, alimenta\u00e7\u00e3o equilibrada e pausas \u2013 \u00e9 um ato de respeito ao templo do Esp\u00edrito Santo, facilitando a ora\u00e7\u00e3o.<\/span><\/p>\n<ul>\n<li style=\"font-weight: 400;\" aria-level=\"1\"><b>Pr\u00e1tica<\/b><span style=\"font-weight: 400;\">: Estabele\u00e7a uma rotina com 7-8 horas de sono e pausas regulares durante o estudo. Experimente respira\u00e7\u00f5es profundas ou breves caminhadas para renovar a energia.<\/span><\/li>\n<li style=\"font-weight: 400;\" aria-level=\"1\"><b>Dica<\/b><span style=\"font-weight: 400;\">: Antes de dormir, reze as Completas, pedindo a Deus que santifique seu repouso, preparando-o para o trabalho intelectual do dia seguinte.<\/span><\/li>\n<\/ul>\n<h2>\u00a0<\/h2>\n<h2><b>A solid\u00e3o como espa\u00e7o de encontro com Deus<\/b><\/h2>\n<p><span style=\"font-weight: 400;\">A solid\u00e3o \u00e9 essencial para o intelectual crist\u00e3o, pois <\/span><i><span style=\"font-weight: 400;\">\u201ca cela bem guardada torna-se suave\u201d (p. 44).\u00a0<\/span><\/i><\/p>\n<p><span style=\"font-weight: 400;\">Sertillanges sugere que a solid\u00e3o n\u00e3o \u00e9 isolamento, mas um <\/span><i><span style=\"font-weight: 400;\">\u201ccontacto convosco, contacto necess\u00e1rio\u201d (p. 43),<\/span><\/i><span style=\"font-weight: 400;\"> onde se ouve a voz de Deus.\u00a0<\/span><\/p>\n<p><span style=\"font-weight: 400;\">Esse recolhimento permite que o estudo se transforme em ora\u00e7\u00e3o, pois <\/span><i><span style=\"font-weight: 400;\">\u201co que est\u00e1 unido aos homens e \u00e0 natureza sem estar unido com Deus no seu \u00edntimo, sem ser cliente do sil\u00eancio e da solid\u00e3o, \u00e9 apenas vassalo dum reino de morte\u201d (p. 46).<\/span><\/i><\/p>\n<ul>\n<li style=\"font-weight: 400;\" aria-level=\"1\"><b>Pr\u00e1tica<\/b><span style=\"font-weight: 400;\">: Reserve 30 minutos di\u00e1rios em um ambiente silencioso para estudar e orar, sem distra\u00e7\u00f5es. Use esse tempo para meditar sobre uma passagem b\u00edblica relacionada ao seu estudo.<\/span><\/li>\n<li style=\"font-weight: 400;\" aria-level=\"1\"><b>Dica<\/b><span style=\"font-weight: 400;\">: Crie um \u201ccanto de ora\u00e7\u00e3o\u201d em casa, com uma B\u00edblia, um crucifixo e um caderno para anota\u00e7\u00f5es espirituais, onde possa se retirar para estudar e rezar.<\/span><\/li>\n<\/ul>\n<h2>\u00a0<\/h2>\n<h2><b>A leitura como prepara\u00e7\u00e3o para a contempla\u00e7\u00e3o<\/b><\/h2>\n<p><span style=\"font-weight: 400;\">A leitura, segundo Sertillanges, deve ser seletiva e intencional:<\/span><i><span style=\"font-weight: 400;\"> \u201cLer pouco\u201d e \u201cescolher\u201d (pp. 116-119).\u00a0<\/span><\/i><\/p>\n<p><span style=\"font-weight: 400;\">Ele recomenda focar em obras que nutram a alma e a mente, pois <\/span><i><span style=\"font-weight: 400;\">\u201cum livro vale o que v\u00f3s valeis, e o que o fizerdes valer\u201d (p. 119).<\/span><\/i><span style=\"font-weight: 400;\">\u00a0<\/span><\/p>\n<p><span style=\"font-weight: 400;\">A leitura de textos espirituais, como os de S\u00e3o Tom\u00e1s ou Santa Teresa, pode ser uma ponte para a ora\u00e7\u00e3o, pois conecta o intelecto ao mist\u00e9rio divino.<\/span><\/p>\n<ul>\n<li style=\"font-weight: 400;\" aria-level=\"1\"><b>Pr\u00e1tica<\/b><span style=\"font-weight: 400;\">: Escolha um livro espiritual por m\u00eas, como a <\/span><i><span style=\"font-weight: 400;\">Imita\u00e7\u00e3o de Cristo<\/span><\/i><span style=\"font-weight: 400;\">, e leia 5-10 p\u00e1ginas por dia, anotando reflex\u00f5es que inspiram sua ora\u00e7\u00e3o.<\/span><\/li>\n<li style=\"font-weight: 400;\" aria-level=\"1\"><b>Dica<\/b><span style=\"font-weight: 400;\">: Antes de ler, pe\u00e7a ao Esp\u00edrito Santo que ilumine sua mente, transformando a leitura em uma <\/span><i><span style=\"font-weight: 400;\">lectio divina<\/span><\/i><span style=\"font-weight: 400;\"> intelectual.<\/span><\/li>\n<\/ul>\n<p>\u00a0<\/p>\n<h2><b>A submiss\u00e3o \u00e0 Verdade como ato de adora\u00e7\u00e3o<\/b><\/h2>\n<p><span style=\"font-weight: 400;\">Sertillanges destaca a <\/span><i><span style=\"font-weight: 400;\">\u201csubmiss\u00e3o \u00e0 verdade\u201d<\/span><\/i><span style=\"font-weight: 400;\"> como uma virtude essencial (p. 105).\u00a0<\/span><\/p>\n<p><span style=\"font-weight: 400;\">O intelectual crist\u00e3o deve buscar a verdade com humildade, reconhecendo que<\/span><i><span style=\"font-weight: 400;\"> \u201ca verdade s\u00f3 se entrega a quem primeiro se despoja e se decide a contentar-se exclusivamente com ela\u201d (p. 105).\u00a0<\/span><\/i><\/p>\n<p><span style=\"font-weight: 400;\">Essa atitude \u00e9 um ato de adora\u00e7\u00e3o, pois a Verdade \u00e9 Deus. O estudo, assim, torna-se uma oferta espiritual, unindo o intelecto ao cora\u00e7\u00e3o.<\/span><\/p>\n<ul>\n<li style=\"font-weight: 400;\" aria-level=\"1\"><b>Pr\u00e1tica<\/b><span style=\"font-weight: 400;\">: Ao encontrar uma verdade em seus estudos, pause para agradecer a Deus por essa luz, rezando: \u201cSenhor, Tua verdade \u00e9 minha alegria\u201d.<\/span><\/li>\n<li style=\"font-weight: 400;\" aria-level=\"1\"><b>Dica<\/b><span style=\"font-weight: 400;\">: Reflita sobre como as verdades descobertas em seus estudos (seja filosofia, ci\u00eancia ou hist\u00f3ria) apontam para a grandeza de Deus, anotando essas conex\u00f5es.<\/span><\/li>\n<\/ul>\n<p>\u00a0<\/p>\n<h2><b>A harmonia entre trabalho e vida espiritual<\/b><\/h2>\n<p><span style=\"font-weight: 400;\">Por fim, Sertillanges insiste em <\/span><i><span style=\"font-weight: 400;\">\u201cguardar o contacto com a vida\u201d (p. 182)<\/span><\/i><span style=\"font-weight: 400;\"> para evitar que o trabalho intelectual se torne \u00e1rido.\u00a0<\/span><\/p>\n<p><i><span style=\"font-weight: 400;\">Ele sugere que o intelectual crist\u00e3o se abra \u00e0 beleza da cria\u00e7\u00e3o, como \u201ca vista do p\u00f4r do sol\u201d ou \u201cum passeio a Versalhes em pleno outono\u201d (p. 183)<\/span><\/i><span style=\"font-weight: 400;\">, pois essas experi\u00eancias alimentam a alma e inspiram a ora\u00e7\u00e3o.\u00a0<\/span><\/p>\n<p><span style=\"font-weight: 400;\">A harmonia entre o trabalho e a vida espiritual cria um ritmo que sustenta a busca pela verdade.<\/span><\/p>\n<ul>\n<li style=\"font-weight: 400;\" aria-level=\"1\"><b>Pr\u00e1tica<\/b><span style=\"font-weight: 400;\">: Dedique um dia por semana para um \u201crepouso ativo\u201d, como um passeio na natureza, seguido de uma ora\u00e7\u00e3o de louvor, como o <\/span><i><span style=\"font-weight: 400;\">C\u00e2ntico das Criaturas<\/span><\/i><span style=\"font-weight: 400;\"> de S\u00e3o Francisco.<\/span><\/li>\n<li style=\"font-weight: 400;\" aria-level=\"1\"><b>Dica<\/b><span style=\"font-weight: 400;\">: Integre momentos de beleza (m\u00fasica, arte, natureza) \u00e0 sua rotina, usando-os como ocasi\u00f5es para elevar o cora\u00e7\u00e3o a Deus.<\/span><\/li>\n<\/ul>\n<h2>\u00a0<\/h2>\n<h2><b>O estudo como caminho para Deus<\/b><\/h2>\n<p><span style=\"font-weight: 400;\">A vida intelectual, conforme ensina Sertillanges, \u00e9 um chamado sagrado que, quando vivida com esp\u00edrito de ora\u00e7\u00e3o, transforma o estudo em um ato de adora\u00e7\u00e3o.\u00a0<\/span><\/p>\n<p><span style=\"font-weight: 400;\">Ao consagrar o trabalho intelectual a Deus, cultivar a solid\u00e3o, ler com inten\u00e7\u00e3o, cuidar do corpo e submeter-se \u00e0 verdade, o crist\u00e3o encontra na busca pelo saber um caminho para a comunh\u00e3o com o divino.\u00a0<\/span><\/p>\n<p><span style=\"font-weight: 400;\">Como diz Sertillanges, <\/span><i><span style=\"font-weight: 400;\">\u201ca verdade \u00e9 a santidade do esp\u00edrito\u201d (p. 195).\u00a0<\/span><\/i><\/p>\n<p><span style=\"font-weight: 400;\">Que seu estudo seja, pois, uma ora\u00e7\u00e3o cont\u00ednua, um \u201cSursum corda\u201d que eleva a alma ao Criador.<\/span><\/p>\n<p><b>Fontes<\/b><span style=\"font-weight: 400;\">: <\/span><i><span style=\"font-weight: 400;\">A Vida Intelectual<\/span><\/i><span style=\"font-weight: 400;\">, A. D. Sertillanges, 1910.<\/span><\/p>\n<p>\u00a0<\/p>\n<ul>\n<li style=\"font-weight: 400;\" aria-level=\"1\"><a href=\"https:\/\/youtube.com\/playlist?list=PLgQDxBWRvC32r6X9aG5rbb5MeACOtaeOn&amp;si=e6XQaS08Dhuh57cP\"><span style=\"font-weight: 400;\">Para aprofundar este tema, assista ao programa \u201cA vida intelectual\u201d em nosso canal do YouTube.\u00a0<\/span><\/a><\/li>\n<\/ul>\n<p><br \/><br \/><\/p>\n\t\t\t\t\t\t\t\t<\/div>\n\t\t\t\t<\/div>\n\t\t\t\t\t<\/div>\n\t\t\t\t<\/div>\n\t\t\t\t<\/div>\n\t\t","protected":false},"excerpt":{"rendered":"<p>A vida intelectual, quando orientada para a verdade, pode ser um caminho poderoso para aprofundar a vida de ora\u00e7\u00e3o.\u00a0 Inspirado em A Vida Intelectual de A. D. Sertillanges, este artigo explora como o trabalho intelectual, enraizado na busca pela verdade, pode nutrir a espiritualidade crist\u00e3.\u00a0 O autor apresenta a voca\u00e7\u00e3o intelectual como uma consagra\u00e7\u00e3o, um [&hellip;]<\/p>\n","protected":false},"author":1,"featured_media":2583,"comment_status":"open","ping_status":"open","sticky":false,"template":"","format":"standard","meta":{"footnotes":""},"categories":[1],"tags":[],"class_list":["post-2582","post","type-post","status-publish","format-standard","has-post-thumbnail","hentry","category-blog"],"yoast_head":"<!-- This site is optimized with the Yoast SEO plugin v25.7 - https:\/\/yoast.com\/wordpress\/plugins\/seo\/ -->\n<title>Como alcan\u00e7ar a Deus atrav\u00e9s da vida intelectual - Ordem Terceira<\/title>\n<meta name=\"robots\" content=\"index, follow, max-snippet:-1, max-image-preview:large, max-video-preview:-1\" \/>\n<link rel=\"canonical\" href=\"https:\/\/ordemterceira.com.br\/index.php\/2025\/08\/08\/como-alcancar-a-deus-atraves-da-vida-intelectual\/\" \/>\n<meta property=\"og:locale\" content=\"en_US\" \/>\n<meta property=\"og:type\" content=\"article\" \/>\n<meta property=\"og:title\" content=\"Como alcan\u00e7ar a Deus atrav\u00e9s da vida intelectual - Ordem Terceira\" \/>\n<meta property=\"og:description\" content=\"A vida intelectual, quando orientada para a verdade, pode ser um caminho poderoso para aprofundar a vida de ora\u00e7\u00e3o.\u00a0 Inspirado em A Vida Intelectual de A. D. Sertillanges, este artigo explora como o trabalho intelectual, enraizado na busca pela verdade, pode nutrir a espiritualidade crist\u00e3.\u00a0 O autor apresenta a voca\u00e7\u00e3o intelectual como uma consagra\u00e7\u00e3o, um [&hellip;]\" \/>\n<meta property=\"og:url\" content=\"https:\/\/ordemterceira.com.br\/index.php\/2025\/08\/08\/como-alcancar-a-deus-atraves-da-vida-intelectual\/\" \/>\n<meta property=\"og:site_name\" content=\"Ordem Terceira\" \/>\n<meta property=\"article:published_time\" content=\"2025-08-08T21:30:04+00:00\" \/>\n<meta property=\"article:modified_time\" content=\"2025-08-08T21:33:42+00:00\" \/>\n<meta property=\"og:image\" content=\"https:\/\/ordemterceira.com.br\/wp-content\/uploads\/2025\/08\/Como-alcancar-a-Deus-atraves-da-vida-intelectual-1-819x1024.png\" \/>\n\t<meta property=\"og:image:width\" content=\"819\" \/>\n\t<meta property=\"og:image:height\" content=\"1024\" \/>\n\t<meta property=\"og:image:type\" content=\"image\/png\" \/>\n<meta name=\"author\" content=\"admin\" \/>\n<meta name=\"twitter:card\" content=\"summary_large_image\" \/>\n<meta name=\"twitter:label1\" content=\"Written by\" \/>\n\t<meta name=\"twitter:data1\" content=\"admin\" \/>\n\t<meta name=\"twitter:label2\" content=\"Est. reading time\" \/>\n\t<meta name=\"twitter:data2\" content=\"6 minutes\" \/>\n<script type=\"application\/ld+json\" class=\"yoast-schema-graph\">{\"@context\":\"https:\/\/schema.org\",\"@graph\":[{\"@type\":\"Article\",\"@id\":\"https:\/\/ordemterceira.com.br\/index.php\/2025\/08\/08\/como-alcancar-a-deus-atraves-da-vida-intelectual\/#article\",\"isPartOf\":{\"@id\":\"https:\/\/ordemterceira.com.br\/index.php\/2025\/08\/08\/como-alcancar-a-deus-atraves-da-vida-intelectual\/\"},\"author\":{\"name\":\"admin\",\"@id\":\"https:\/\/ordemterceira.com.br\/#\/schema\/person\/3f761323fe3b257a0c2f1f1f5e8eab70\"},\"headline\":\"Como alcan\u00e7ar a Deus atrav\u00e9s da vida intelectual\",\"datePublished\":\"2025-08-08T21:30:04+00:00\",\"dateModified\":\"2025-08-08T21:33:42+00:00\",\"mainEntityOfPage\":{\"@id\":\"https:\/\/ordemterceira.com.br\/index.php\/2025\/08\/08\/como-alcancar-a-deus-atraves-da-vida-intelectual\/\"},\"wordCount\":1283,\"commentCount\":0,\"publisher\":{\"@id\":\"https:\/\/ordemterceira.com.br\/#organization\"},\"image\":{\"@id\":\"https:\/\/ordemterceira.com.br\/index.php\/2025\/08\/08\/como-alcancar-a-deus-atraves-da-vida-intelectual\/#primaryimage\"},\"thumbnailUrl\":\"https:\/\/ordemterceira.com.br\/wp-content\/uploads\/2025\/08\/Como-alcancar-a-Deus-atraves-da-vida-intelectual-1.png\",\"articleSection\":[\"Blog\"],\"inLanguage\":\"en-US\",\"potentialAction\":[{\"@type\":\"CommentAction\",\"name\":\"Comment\",\"target\":[\"https:\/\/ordemterceira.com.br\/index.php\/2025\/08\/08\/como-alcancar-a-deus-atraves-da-vida-intelectual\/#respond\"]}]},{\"@type\":\"WebPage\",\"@id\":\"https:\/\/ordemterceira.com.br\/index.php\/2025\/08\/08\/como-alcancar-a-deus-atraves-da-vida-intelectual\/\",\"url\":\"https:\/\/ordemterceira.com.br\/index.php\/2025\/08\/08\/como-alcancar-a-deus-atraves-da-vida-intelectual\/\",\"name\":\"Como alcan\u00e7ar a Deus atrav\u00e9s da vida intelectual - Ordem Terceira\",\"isPartOf\":{\"@id\":\"https:\/\/ordemterceira.com.br\/#website\"},\"primaryImageOfPage\":{\"@id\":\"https:\/\/ordemterceira.com.br\/index.php\/2025\/08\/08\/como-alcancar-a-deus-atraves-da-vida-intelectual\/#primaryimage\"},\"image\":{\"@id\":\"https:\/\/ordemterceira.com.br\/index.php\/2025\/08\/08\/como-alcancar-a-deus-atraves-da-vida-intelectual\/#primaryimage\"},\"thumbnailUrl\":\"https:\/\/ordemterceira.com.br\/wp-content\/uploads\/2025\/08\/Como-alcancar-a-Deus-atraves-da-vida-intelectual-1.png\",\"datePublished\":\"2025-08-08T21:30:04+00:00\",\"dateModified\":\"2025-08-08T21:33:42+00:00\",\"breadcrumb\":{\"@id\":\"https:\/\/ordemterceira.com.br\/index.php\/2025\/08\/08\/como-alcancar-a-deus-atraves-da-vida-intelectual\/#breadcrumb\"},\"inLanguage\":\"en-US\",\"potentialAction\":[{\"@type\":\"ReadAction\",\"target\":[\"https:\/\/ordemterceira.com.br\/index.php\/2025\/08\/08\/como-alcancar-a-deus-atraves-da-vida-intelectual\/\"]}]},{\"@type\":\"ImageObject\",\"inLanguage\":\"en-US\",\"@id\":\"https:\/\/ordemterceira.com.br\/index.php\/2025\/08\/08\/como-alcancar-a-deus-atraves-da-vida-intelectual\/#primaryimage\",\"url\":\"https:\/\/ordemterceira.com.br\/wp-content\/uploads\/2025\/08\/Como-alcancar-a-Deus-atraves-da-vida-intelectual-1.png\",\"contentUrl\":\"https:\/\/ordemterceira.com.br\/wp-content\/uploads\/2025\/08\/Como-alcancar-a-Deus-atraves-da-vida-intelectual-1.png\",\"width\":1080,\"height\":1350},{\"@type\":\"BreadcrumbList\",\"@id\":\"https:\/\/ordemterceira.com.br\/index.php\/2025\/08\/08\/como-alcancar-a-deus-atraves-da-vida-intelectual\/#breadcrumb\",\"itemListElement\":[{\"@type\":\"ListItem\",\"position\":1,\"name\":\"In\u00edcio\",\"item\":\"https:\/\/ordemterceira.com.br\/\"},{\"@type\":\"ListItem\",\"position\":2,\"name\":\"Como alcan\u00e7ar a Deus atrav\u00e9s da vida intelectual\"}]},{\"@type\":\"WebSite\",\"@id\":\"https:\/\/ordemterceira.com.br\/#website\",\"url\":\"https:\/\/ordemterceira.com.br\/\",\"name\":\"Ordem Terceira\",\"description\":\"\",\"publisher\":{\"@id\":\"https:\/\/ordemterceira.com.br\/#organization\"},\"potentialAction\":[{\"@type\":\"SearchAction\",\"target\":{\"@type\":\"EntryPoint\",\"urlTemplate\":\"https:\/\/ordemterceira.com.br\/?s={search_term_string}\"},\"query-input\":{\"@type\":\"PropertyValueSpecification\",\"valueRequired\":true,\"valueName\":\"search_term_string\"}}],\"inLanguage\":\"en-US\"},{\"@type\":\"Organization\",\"@id\":\"https:\/\/ordemterceira.com.br\/#organization\",\"name\":\"Ordem Terceira\",\"url\":\"https:\/\/ordemterceira.com.br\/\",\"logo\":{\"@type\":\"ImageObject\",\"inLanguage\":\"en-US\",\"@id\":\"https:\/\/ordemterceira.com.br\/#\/schema\/logo\/image\/\",\"url\":\"https:\/\/ordemterceira.com.br\/wp-content\/uploads\/2023\/10\/Brasao-sem-fundo-150x150-1.png\",\"contentUrl\":\"https:\/\/ordemterceira.com.br\/wp-content\/uploads\/2023\/10\/Brasao-sem-fundo-150x150-1.png\",\"width\":150,\"height\":150,\"caption\":\"Ordem Terceira\"},\"image\":{\"@id\":\"https:\/\/ordemterceira.com.br\/#\/schema\/logo\/image\/\"},\"sameAs\":[\"https:\/\/www.instagram.com\/veneravelordem\/\",\"https:\/\/www.youtube.com\/@veneravelordem\"]},{\"@type\":\"Person\",\"@id\":\"https:\/\/ordemterceira.com.br\/#\/schema\/person\/3f761323fe3b257a0c2f1f1f5e8eab70\",\"name\":\"admin\",\"image\":{\"@type\":\"ImageObject\",\"inLanguage\":\"en-US\",\"@id\":\"https:\/\/ordemterceira.com.br\/#\/schema\/person\/image\/\",\"url\":\"https:\/\/secure.gravatar.com\/avatar\/9b8f13302512c0d92ca8b89e7abf6313603deaf0c9d2b236a5178700ee69f295?s=96&d=mm&r=g\",\"contentUrl\":\"https:\/\/secure.gravatar.com\/avatar\/9b8f13302512c0d92ca8b89e7abf6313603deaf0c9d2b236a5178700ee69f295?s=96&d=mm&r=g\",\"caption\":\"admin\"},\"sameAs\":[\"https:\/\/ordemterceira.com.br\"],\"url\":\"https:\/\/ordemterceira.com.br\/index.php\/author\/admin\/\"}]}<\/script>\n<!-- \/ Yoast SEO plugin. -->","yoast_head_json":{"title":"Como alcan\u00e7ar a Deus atrav\u00e9s da vida intelectual - Ordem Terceira","robots":{"index":"index","follow":"follow","max-snippet":"max-snippet:-1","max-image-preview":"max-image-preview:large","max-video-preview":"max-video-preview:-1"},"canonical":"https:\/\/ordemterceira.com.br\/index.php\/2025\/08\/08\/como-alcancar-a-deus-atraves-da-vida-intelectual\/","og_locale":"en_US","og_type":"article","og_title":"Como alcan\u00e7ar a Deus atrav\u00e9s da vida intelectual - Ordem Terceira","og_description":"A vida intelectual, quando orientada para a verdade, pode ser um caminho poderoso para aprofundar a vida de ora\u00e7\u00e3o.\u00a0 Inspirado em A Vida Intelectual de A. D. Sertillanges, este artigo explora como o trabalho intelectual, enraizado na busca pela verdade, pode nutrir a espiritualidade crist\u00e3.\u00a0 O autor apresenta a voca\u00e7\u00e3o intelectual como uma consagra\u00e7\u00e3o, um [&hellip;]","og_url":"https:\/\/ordemterceira.com.br\/index.php\/2025\/08\/08\/como-alcancar-a-deus-atraves-da-vida-intelectual\/","og_site_name":"Ordem Terceira","article_published_time":"2025-08-08T21:30:04+00:00","article_modified_time":"2025-08-08T21:33:42+00:00","og_image":[{"width":819,"height":1024,"url":"https:\/\/ordemterceira.com.br\/wp-content\/uploads\/2025\/08\/Como-alcancar-a-Deus-atraves-da-vida-intelectual-1-819x1024.png","type":"image\/png"}],"author":"admin","twitter_card":"summary_large_image","twitter_misc":{"Written by":"admin","Est. reading time":"6 minutes"},"schema":{"@context":"https:\/\/schema.org","@graph":[{"@type":"Article","@id":"https:\/\/ordemterceira.com.br\/index.php\/2025\/08\/08\/como-alcancar-a-deus-atraves-da-vida-intelectual\/#article","isPartOf":{"@id":"https:\/\/ordemterceira.com.br\/index.php\/2025\/08\/08\/como-alcancar-a-deus-atraves-da-vida-intelectual\/"},"author":{"name":"admin","@id":"https:\/\/ordemterceira.com.br\/#\/schema\/person\/3f761323fe3b257a0c2f1f1f5e8eab70"},"headline":"Como alcan\u00e7ar a Deus atrav\u00e9s da vida intelectual","datePublished":"2025-08-08T21:30:04+00:00","dateModified":"2025-08-08T21:33:42+00:00","mainEntityOfPage":{"@id":"https:\/\/ordemterceira.com.br\/index.php\/2025\/08\/08\/como-alcancar-a-deus-atraves-da-vida-intelectual\/"},"wordCount":1283,"commentCount":0,"publisher":{"@id":"https:\/\/ordemterceira.com.br\/#organization"},"image":{"@id":"https:\/\/ordemterceira.com.br\/index.php\/2025\/08\/08\/como-alcancar-a-deus-atraves-da-vida-intelectual\/#primaryimage"},"thumbnailUrl":"https:\/\/ordemterceira.com.br\/wp-content\/uploads\/2025\/08\/Como-alcancar-a-Deus-atraves-da-vida-intelectual-1.png","articleSection":["Blog"],"inLanguage":"en-US","potentialAction":[{"@type":"CommentAction","name":"Comment","target":["https:\/\/ordemterceira.com.br\/index.php\/2025\/08\/08\/como-alcancar-a-deus-atraves-da-vida-intelectual\/#respond"]}]},{"@type":"WebPage","@id":"https:\/\/ordemterceira.com.br\/index.php\/2025\/08\/08\/como-alcancar-a-deus-atraves-da-vida-intelectual\/","url":"https:\/\/ordemterceira.com.br\/index.php\/2025\/08\/08\/como-alcancar-a-deus-atraves-da-vida-intelectual\/","name":"Como alcan\u00e7ar a Deus atrav\u00e9s da vida intelectual - Ordem Terceira","isPartOf":{"@id":"https:\/\/ordemterceira.com.br\/#website"},"primaryImageOfPage":{"@id":"https:\/\/ordemterceira.com.br\/index.php\/2025\/08\/08\/como-alcancar-a-deus-atraves-da-vida-intelectual\/#primaryimage"},"image":{"@id":"https:\/\/ordemterceira.com.br\/index.php\/2025\/08\/08\/como-alcancar-a-deus-atraves-da-vida-intelectual\/#primaryimage"},"thumbnailUrl":"https:\/\/ordemterceira.com.br\/wp-content\/uploads\/2025\/08\/Como-alcancar-a-Deus-atraves-da-vida-intelectual-1.png","datePublished":"2025-08-08T21:30:04+00:00","dateModified":"2025-08-08T21:33:42+00:00","breadcrumb":{"@id":"https:\/\/ordemterceira.com.br\/index.php\/2025\/08\/08\/como-alcancar-a-deus-atraves-da-vida-intelectual\/#breadcrumb"},"inLanguage":"en-US","potentialAction":[{"@type":"ReadAction","target":["https:\/\/ordemterceira.com.br\/index.php\/2025\/08\/08\/como-alcancar-a-deus-atraves-da-vida-intelectual\/"]}]},{"@type":"ImageObject","inLanguage":"en-US","@id":"https:\/\/ordemterceira.com.br\/index.php\/2025\/08\/08\/como-alcancar-a-deus-atraves-da-vida-intelectual\/#primaryimage","url":"https:\/\/ordemterceira.com.br\/wp-content\/uploads\/2025\/08\/Como-alcancar-a-Deus-atraves-da-vida-intelectual-1.png","contentUrl":"https:\/\/ordemterceira.com.br\/wp-content\/uploads\/2025\/08\/Como-alcancar-a-Deus-atraves-da-vida-intelectual-1.png","width":1080,"height":1350},{"@type":"BreadcrumbList","@id":"https:\/\/ordemterceira.com.br\/index.php\/2025\/08\/08\/como-alcancar-a-deus-atraves-da-vida-intelectual\/#breadcrumb","itemListElement":[{"@type":"ListItem","position":1,"name":"In\u00edcio","item":"https:\/\/ordemterceira.com.br\/"},{"@type":"ListItem","position":2,"name":"Como alcan\u00e7ar a Deus atrav\u00e9s da vida intelectual"}]},{"@type":"WebSite","@id":"https:\/\/ordemterceira.com.br\/#website","url":"https:\/\/ordemterceira.com.br\/","name":"Ordem Terceira","description":"","publisher":{"@id":"https:\/\/ordemterceira.com.br\/#organization"},"potentialAction":[{"@type":"SearchAction","target":{"@type":"EntryPoint","urlTemplate":"https:\/\/ordemterceira.com.br\/?s={search_term_string}"},"query-input":{"@type":"PropertyValueSpecification","valueRequired":true,"valueName":"search_term_string"}}],"inLanguage":"en-US"},{"@type":"Organization","@id":"https:\/\/ordemterceira.com.br\/#organization","name":"Ordem Terceira","url":"https:\/\/ordemterceira.com.br\/","logo":{"@type":"ImageObject","inLanguage":"en-US","@id":"https:\/\/ordemterceira.com.br\/#\/schema\/logo\/image\/","url":"https:\/\/ordemterceira.com.br\/wp-content\/uploads\/2023\/10\/Brasao-sem-fundo-150x150-1.png","contentUrl":"https:\/\/ordemterceira.com.br\/wp-content\/uploads\/2023\/10\/Brasao-sem-fundo-150x150-1.png","width":150,"height":150,"caption":"Ordem Terceira"},"image":{"@id":"https:\/\/ordemterceira.com.br\/#\/schema\/logo\/image\/"},"sameAs":["https:\/\/www.instagram.com\/veneravelordem\/","https:\/\/www.youtube.com\/@veneravelordem"]},{"@type":"Person","@id":"https:\/\/ordemterceira.com.br\/#\/schema\/person\/3f761323fe3b257a0c2f1f1f5e8eab70","name":"admin","image":{"@type":"ImageObject","inLanguage":"en-US","@id":"https:\/\/ordemterceira.com.br\/#\/schema\/person\/image\/","url":"https:\/\/secure.gravatar.com\/avatar\/9b8f13302512c0d92ca8b89e7abf6313603deaf0c9d2b236a5178700ee69f295?s=96&d=mm&r=g","contentUrl":"https:\/\/secure.gravatar.com\/avatar\/9b8f13302512c0d92ca8b89e7abf6313603deaf0c9d2b236a5178700ee69f295?s=96&d=mm&r=g","caption":"admin"},"sameAs":["https:\/\/ordemterceira.com.br"],"url":"https:\/\/ordemterceira.com.br\/index.php\/author\/admin\/"}]}},"_links":{"self":[{"href":"https:\/\/ordemterceira.com.br\/index.php\/wp-json\/wp\/v2\/posts\/2582","targetHints":{"allow":["GET"]}}],"collection":[{"href":"https:\/\/ordemterceira.com.br\/index.php\/wp-json\/wp\/v2\/posts"}],"about":[{"href":"https:\/\/ordemterceira.com.br\/index.php\/wp-json\/wp\/v2\/types\/post"}],"author":[{"embeddable":true,"href":"https:\/\/ordemterceira.com.br\/index.php\/wp-json\/wp\/v2\/users\/1"}],"replies":[{"embeddable":true,"href":"https:\/\/ordemterceira.com.br\/index.php\/wp-json\/wp\/v2\/comments?post=2582"}],"version-history":[{"count":4,"href":"https:\/\/ordemterceira.com.br\/index.php\/wp-json\/wp\/v2\/posts\/2582\/revisions"}],"predecessor-version":[{"id":2588,"href":"https:\/\/ordemterceira.com.br\/index.php\/wp-json\/wp\/v2\/posts\/2582\/revisions\/2588"}],"wp:featuredmedia":[{"embeddable":true,"href":"https:\/\/ordemterceira.com.br\/index.php\/wp-json\/wp\/v2\/media\/2583"}],"wp:attachment":[{"href":"https:\/\/ordemterceira.com.br\/index.php\/wp-json\/wp\/v2\/media?parent=2582"}],"wp:term":[{"taxonomy":"category","embeddable":true,"href":"https:\/\/ordemterceira.com.br\/index.php\/wp-json\/wp\/v2\/categories?post=2582"},{"taxonomy":"post_tag","embeddable":true,"href":"https:\/\/ordemterceira.com.br\/index.php\/wp-json\/wp\/v2\/tags?post=2582"}],"curies":[{"name":"wp","href":"https:\/\/api.w.org\/{rel}","templated":true}]}}