{"id":2826,"date":"2025-10-10T19:19:16","date_gmt":"2025-10-10T22:19:16","guid":{"rendered":"https:\/\/ordemterceira.com.br\/?p=2826"},"modified":"2025-10-10T19:20:17","modified_gmt":"2025-10-10T22:20:17","slug":"conheca-10-hinos-gregorianos-e-mergulhe-na-profundidade-da-musica-sacra","status":"publish","type":"post","link":"https:\/\/ordemterceira.com.br\/index.php\/2025\/10\/10\/conheca-10-hinos-gregorianos-e-mergulhe-na-profundidade-da-musica-sacra\/","title":{"rendered":"Conhe\u00e7a 10 hinos gregorianos e mergulhe na profundidade da m\u00fasica sacra"},"content":{"rendered":"\t\t<div data-elementor-type=\"wp-post\" data-elementor-id=\"2826\" class=\"elementor elementor-2826\" data-elementor-post-type=\"post\">\n\t\t\t\t<div class=\"elementor-element elementor-element-23f3b8e0 e-flex e-con-boxed e-con e-parent\" data-id=\"23f3b8e0\" data-element_type=\"container\">\n\t\t\t\t\t<div class=\"e-con-inner\">\n\t\t\t\t<div class=\"elementor-element elementor-element-33a6842c elementor-widget elementor-widget-text-editor\" data-id=\"33a6842c\" data-element_type=\"widget\" data-widget_type=\"text-editor.default\">\n\t\t\t\t<div class=\"elementor-widget-container\">\n\t\t\t\t\t\t\t\t\t\n<p><span style=\"font-weight: 400;\">Poucas express\u00f5es humanas atravessaram os s\u00e9culos com tanta serenidade e poder espiritual quanto o Canto Gregoriano. <\/span><b>Desde os primeiros s\u00e9culos do cristianismo, esse estilo musical foi considerado o modo mais puro e elevado de louvar a Deus.<\/b><\/p>\n<p><span style=\"font-weight: 400;\">Neste artigo, faremos uma verdadeira viagem espiritual por alguns dos hinos mais sublimes dessa tradi\u00e7\u00e3o milenar \u2014 c\u00e2nticos que moldaram a espiritualidade crist\u00e3 e ainda hoje enchem de paz quem os ouve.<\/span><\/p>\n<p><span style=\"font-weight: 400;\">Mais do que um passeio musical, este \u00e9 <\/span><b>um convite a redescobrir o poder do sil\u00eancio, da beleza e da ora\u00e7\u00e3o que canta.<\/b><\/p>\n<p>\u00a0<\/p>\n<h2><b>O que \u00e9 o canto gregoriano?<\/b><\/h2>\n<p><b>O Canto Gregoriano \u00e9 o canto lit\u00fargico tradicional da Igreja Cat\u00f3lica.<\/b><span style=\"font-weight: 400;\"> Ele \u00e9 <\/span><b>mon\u00f3dico<\/b><span style=\"font-weight: 400;\"> (uma \u00fanica linha mel\u00f3dica), cantado em <\/span><b>latim<\/b><span style=\"font-weight: 400;\">, <\/span><b>sem acompanhamento instrumental<\/b><span style=\"font-weight: 400;\">, e profundamente espiritual. Cada nota segue o ritmo do texto sagrado, guiando a alma \u00e0 contempla\u00e7\u00e3o.<\/span><\/p>\n<p>\u00a0<\/p>\n<h2><b>As origens do canto gregoriano<\/b><\/h2>\n<p><span style=\"font-weight: 400;\">O canto sagrado crist\u00e3o nasceu da fus\u00e3o entre as tradi\u00e7\u00f5es musicais judaicas \u2014 como os salmos entoados no Templo \u2014 e a pr\u00e1tica dos primeiros crist\u00e3os de cantar a Palavra de Deus como forma de memoriza\u00e7\u00e3o e ora\u00e7\u00e3o.<\/span><\/p>\n<p><span style=\"font-weight: 400;\">Por volta do <\/span><b>s\u00e9culo VI<\/b><span style=\"font-weight: 400;\">, o Papa <\/span><b>S\u00e3o Greg\u00f3rio Magno<\/b><span style=\"font-weight: 400;\"> organizou e sistematizou esses c\u00e2nticos, o que deu origem ao que hoje chamamos de <\/span><b>canto gregoriano<\/b><span style=\"font-weight: 400;\">.<\/span><\/p>\n<p>\u00a0<\/p>\n<h2><b>Os 10 hinos gregorianos mais tradicionais\u00a0<\/b><\/h2>\n<p><span style=\"font-weight: 400;\">A seguir, apresentamos alguns dos hinos mais tocantes da tradi\u00e7\u00e3o gregoriana \u2014 verdadeiras j\u00f3ias da m\u00fasica sacra.<\/span><\/p>\n<h3><b>1. Ave Maria<\/b><\/h3>\n<p><span style=\"font-weight: 400;\">Embora n\u00e3o fa\u00e7a parte do repert\u00f3rio mais antigo do canto gregoriano, vers\u00f5es posteriores da <\/span><b>Ave Maria<\/b><span style=\"font-weight: 400;\"> foram incorporadas \u00e0 tradi\u00e7\u00e3o por sua suavidade e profundidade espiritual.<\/span><span style=\"font-weight: 400;\"><br \/><\/span><span style=\"font-weight: 400;\"> A melodia \u00e9 serena e delicada, como um sussurro de venera\u00e7\u00e3o. Ouvi-la \u00e9 como estar diante da M\u00e3e de Deus, envolto em sil\u00eancio e paz.<\/span><\/p>\n<h3><b>2. Ave Verum Corpus<\/b><\/h3>\n<p><span style=\"font-weight: 400;\">O texto do <\/span><b>Ave Verum Corpus<\/b><span style=\"font-weight: 400;\"> (\u201cSalve, verdadeiro Corpo\u201d) \u00e9 medieval, e embora a vers\u00e3o mais conhecida seja a de Mozart, tamb\u00e9m existe uma bel\u00edssima vers\u00e3o gregoriana.<\/span><\/p>\n<p><span style=\"font-weight: 400;\">Este hino contempla o mist\u00e9rio da <\/span><b>presen\u00e7a real de Cristo na Eucaristia<\/b><span style=\"font-weight: 400;\">. Sua melodia simples e comovente leva o fiel ao recolhimento e \u00e0 adora\u00e7\u00e3o silenciosa diante do Sant\u00edssimo Sacramento.<\/span><\/p>\n<h3><b>3. Salve Regina<\/b><\/h3>\n<p><span style=\"font-weight: 400;\">Desde a Idade M\u00e9dia, o <\/span><b>Salve Regina \u00e9 um dos hinos marianos<\/b><span style=\"font-weight: 400;\"> mais amados da Igreja. Entoado ao final das Completas e do Ros\u00e1rio, expressa a confian\u00e7a filial na intercess\u00e3o de Maria:<\/span><\/p>\n<p><span style=\"font-weight: 400;\">\u201cSalve, Rainha, M\u00e3e de miseric\u00f3rdia\u2026\u201d<\/span><\/p>\n<p><span style=\"font-weight: 400;\">Sua melodia alterna momentos de s\u00faplica e esperan\u00e7a, refletindo o amor do povo crist\u00e3o por sua M\u00e3e celeste.<\/span><\/p>\n<h3><b>4. Regina Caeli<\/b><\/h3>\n<p><span style=\"font-weight: 400;\">Cantado durante o Tempo Pascal, o <\/span><b>Regina Caeli<\/b> <b>\u00e9 um c\u00e2ntico de j\u00fabilo pela ressurrei\u00e7\u00e3o de Cristo.<\/b><\/p>\n<p><span style=\"font-weight: 400;\">\u201cRainha do C\u00e9u, alegrai-vos, aleluia!\u201d<\/span><\/p>\n<p><span style=\"font-weight: 400;\">Com melodia luminosa e festiva, este hino mostra o rosto mais jubiloso do canto gregoriano: a vit\u00f3ria da vida sobre a morte.<\/span><\/p>\n<h3><b>5. Veni Creator Spiritus<\/b><\/h3>\n<p><span style=\"font-weight: 400;\">Composto no <\/span><b>s\u00e9culo IX<\/b><span style=\"font-weight: 400;\">, o <\/span><b>Veni Creator Spiritus<\/b><span style=\"font-weight: 400;\"> (\u201cVinde, Esp\u00edrito Criador\u201d) <\/span><b>\u00e9 um dos hinos mais antigos e venerados da Igreja.<\/b><span style=\"font-weight: 400;\"> \u00c9 tradicionalmente cantado em Pentecostes, ordena\u00e7\u00f5es, consagra\u00e7\u00f5es e in\u00edcio de grandes eventos eclesiais.<\/span><\/p>\n<p><span style=\"font-weight: 400;\">Sua melodia \u00e9 ao mesmo tempo solene e suave \u2014 como uma chama espiritual que se acende no cora\u00e7\u00e3o da Igreja.<\/span><\/p>\n<h3><b>6. Pange Lingua Gloriosi<\/b><\/h3>\n<p><span style=\"font-weight: 400;\">Escrito por <\/span><b>S\u00e3o Tom\u00e1s de Aquino para a Festa de Corpus Christi<\/b><span style=\"font-weight: 400;\">, o Pange Lingua \u00e9 um hino eucar\u00edstico riqu\u00edssimo em teologia e poesia:<\/span><\/p>\n<p><span style=\"font-weight: 400;\">\u201cCanta, \u00f3 l\u00edngua, o mist\u00e9rio do glorioso Corpo\u2026\u201d<\/span><\/p>\n<p><span style=\"font-weight: 400;\">A melodia acompanha com do\u00e7ura o mist\u00e9rio do Deus que se faz p\u00e3o. \u00c9 um convite ao sil\u00eancio adorador.<\/span><\/p>\n<h3><b>7. Tantum Ergo Sacramentum<\/b><\/h3>\n<p><span style=\"font-weight: 400;\">As duas \u00faltimas estrofes do <\/span><i><span style=\"font-weight: 400;\">Pange Lingua<\/span><\/i><span style=\"font-weight: 400;\"> formam o famoso <\/span><b>Tantum Ergo<\/b><span style=\"font-weight: 400;\">, cantado em quase todas as <\/span><b>adora\u00e7\u00f5es ao Sant\u00edssimo Sacramento<\/b><span style=\"font-weight: 400;\">.<\/span><\/p>\n<p><span style=\"font-weight: 400;\">Sua melodia simples e profunda \u00e9 uma das mais reconhec\u00edveis do repert\u00f3rio gregoriano, e <\/span><b>expressa rever\u00eancia e adora\u00e7\u00e3o diante do mist\u00e9rio da Eucaristia.<\/b><\/p>\n<h3><b>8. Adoro Te Devote<\/b><\/h3>\n<p><span style=\"font-weight: 400;\">Tamb\u00e9m <\/span><b>escrito por S\u00e3o Tom\u00e1s de Aquino, o Adoro Te Devote \u00e9 uma ora\u00e7\u00e3o <\/b><span style=\"font-weight: 400;\">profundamente pessoal e \u00edntima:<\/span><\/p>\n<p><span style=\"font-weight: 400;\">\u201cEu Te adoro com devo\u00e7\u00e3o, Deus escondido\u2026\u201d<\/span><\/p>\n<p><span style=\"font-weight: 400;\">A melodia gregoriana \u00e9 desarmante em sua simplicidade, como uma prece sussurrada no sil\u00eancio da alma.<\/span><\/p>\n<h3><b>9. Ubi Caritas et Amor<\/b><\/h3>\n<p><span style=\"font-weight: 400;\">\u201cOnde h\u00e1 caridade e amor, a\u00ed est\u00e1 Deus.\u201d<\/span><\/p>\n<p><span style=\"font-weight: 400;\">O <\/span><b>Ubi Caritas<\/b><span style=\"font-weight: 400;\"> \u00e9 um dos hinos mais humanos e tocantes do repert\u00f3rio. <\/span><b>Frequentemente cantado na Quinta-feira Santa,<\/b><span style=\"font-weight: 400;\"> ele celebra a fraternidade crist\u00e3 e a unidade no amor.<\/span><span style=\"font-weight: 400;\"><br \/><\/span><span style=\"font-weight: 400;\"> Sua melodia \u00e9 doce e convidativa, como um abra\u00e7o espiritual.<\/span><\/p>\n<h3><b>10. Dies Irae<\/b><\/h3>\n<p><span style=\"font-weight: 400;\">Talvez o mais imponente de todos, o <\/span><b>Dies Irae<\/b><span style=\"font-weight: 400;\"> (\u201cDia da Ira\u201d) <\/span><b>faz parte da Missa de R\u00e9quiem<\/b><span style=\"font-weight: 400;\">. Ele <\/span><b>descreve o Ju\u00edzo Final<\/b><span style=\"font-weight: 400;\"> com grande intensidade po\u00e9tica e musical.<\/span><\/p>\n<p><span style=\"font-weight: 400;\">Sua melodia solene evoca tanto o temor de Deus quanto a esperan\u00e7a em Sua miseric\u00f3rdia. \u00c9 uma das composi\u00e7\u00f5es mais marcantes da hist\u00f3ria da m\u00fasica sacra.<\/span><\/p>\n<p>\u00a0<\/p>\n<h2><b>A m\u00fasica que reza por si mesma<\/b><\/h2>\n<p><span style=\"font-weight: 400;\">O Canto Gregoriano n\u00e3o busca aplausos.<\/span><b> Ele foi criado para servir \u00e0 liturgia<\/b><span style=\"font-weight: 400;\"> \u2014 para acompanhar o Sacrif\u00edcio da Missa e o Of\u00edcio Divino.<\/span><span style=\"font-weight: 400;\"><br \/><\/span><span style=\"font-weight: 400;\">Mesmo quem n\u00e3o entende latim percebe em seus sons algo invis\u00edvel, mas profundo: <\/span><b>um convite ao sil\u00eancio interior e \u00e0 presen\u00e7a de Deus.<\/b><\/p>\n<p>\u00a0<\/p>\n<h2><b>Redescobrir o sagrado em tempos de ru\u00eddo<\/b><\/h2>\n<p><span style=\"font-weight: 400;\">Em uma era de pressa, distra\u00e7\u00f5es e ru\u00eddo constante, o Canto Gregoriano se torna uma verdadeira <\/span><b>escola de interioridade<\/b><span style=\"font-weight: 400;\">.<\/span><span style=\"font-weight: 400;\"><br \/><\/span><span style=\"font-weight: 400;\">Redescobri-lo \u00e9 <\/span><b>redescobrir a identidade espiritual da f\u00e9 cat\u00f3lica<\/b><span style=\"font-weight: 400;\"> \u2014 uma f\u00e9 que n\u00e3o apenas fala, mas canta o mist\u00e9rio, n\u00e3o para ser vista, mas para ser vivida.<\/span><\/p>\n<p>\u00a0<\/p>\n<ul>\n<li style=\"font-weight: 400;\" aria-level=\"1\"><a href=\"https:\/\/ordemterceira.com.br\/index.php\/avisos\/\"><span style=\"font-weight: 400;\">Todos os domingos temos missa cantada na Igreja da Ordem Terceira do Carmo. Confira os hor\u00e1rios aqui.<\/span><\/a><\/li>\n<\/ul>\n<p>\u00a0<\/p>\n\t\t\t\t\t\t\t\t<\/div>\n\t\t\t\t<\/div>\n\t\t\t\t\t<\/div>\n\t\t\t\t<\/div>\n\t\t\t\t<\/div>\n\t\t","protected":false},"excerpt":{"rendered":"<p>Poucas express\u00f5es humanas atravessaram os s\u00e9culos com tanta serenidade e poder espiritual quanto o Canto Gregoriano. Desde os primeiros s\u00e9culos do cristianismo, esse estilo musical foi considerado o modo mais puro e elevado de louvar a Deus. Neste artigo, faremos uma verdadeira viagem espiritual por alguns dos hinos mais sublimes dessa tradi\u00e7\u00e3o milenar \u2014 c\u00e2nticos [&hellip;]<\/p>\n","protected":false},"author":1,"featured_media":2827,"comment_status":"open","ping_status":"open","sticky":false,"template":"","format":"standard","meta":{"footnotes":""},"categories":[1],"tags":[],"class_list":["post-2826","post","type-post","status-publish","format-standard","has-post-thumbnail","hentry","category-blog"],"yoast_head":"<!-- This site is optimized with the Yoast SEO plugin v25.7 - https:\/\/yoast.com\/wordpress\/plugins\/seo\/ -->\n<title>Conhe\u00e7a 10 hinos gregorianos e mergulhe na profundidade da m\u00fasica sacra - Ordem Terceira<\/title>\n<meta name=\"robots\" content=\"index, follow, max-snippet:-1, max-image-preview:large, max-video-preview:-1\" \/>\n<link rel=\"canonical\" href=\"https:\/\/ordemterceira.com.br\/index.php\/2025\/10\/10\/conheca-10-hinos-gregorianos-e-mergulhe-na-profundidade-da-musica-sacra\/\" \/>\n<meta property=\"og:locale\" content=\"en_US\" \/>\n<meta property=\"og:type\" content=\"article\" \/>\n<meta property=\"og:title\" content=\"Conhe\u00e7a 10 hinos gregorianos e mergulhe na profundidade da m\u00fasica sacra - Ordem Terceira\" \/>\n<meta property=\"og:description\" content=\"Poucas express\u00f5es humanas atravessaram os s\u00e9culos com tanta serenidade e poder espiritual quanto o Canto Gregoriano. Desde os primeiros s\u00e9culos do cristianismo, esse estilo musical foi considerado o modo mais puro e elevado de louvar a Deus. Neste artigo, faremos uma verdadeira viagem espiritual por alguns dos hinos mais sublimes dessa tradi\u00e7\u00e3o milenar \u2014 c\u00e2nticos [&hellip;]\" \/>\n<meta property=\"og:url\" content=\"https:\/\/ordemterceira.com.br\/index.php\/2025\/10\/10\/conheca-10-hinos-gregorianos-e-mergulhe-na-profundidade-da-musica-sacra\/\" \/>\n<meta property=\"og:site_name\" content=\"Ordem Terceira\" \/>\n<meta property=\"article:published_time\" content=\"2025-10-10T22:19:16+00:00\" \/>\n<meta property=\"article:modified_time\" content=\"2025-10-10T22:20:17+00:00\" \/>\n<meta property=\"og:image\" content=\"https:\/\/ordemterceira.com.br\/wp-content\/uploads\/2025\/10\/Conheca-10-hinos-gregorianos-e-mergulhe-na-profundidade-da-musica-sacra-819x1024.png\" \/>\n\t<meta property=\"og:image:width\" content=\"819\" \/>\n\t<meta property=\"og:image:height\" content=\"1024\" \/>\n\t<meta property=\"og:image:type\" content=\"image\/png\" \/>\n<meta name=\"author\" content=\"admin\" \/>\n<meta name=\"twitter:card\" content=\"summary_large_image\" \/>\n<meta name=\"twitter:label1\" content=\"Written by\" \/>\n\t<meta name=\"twitter:data1\" content=\"admin\" \/>\n\t<meta name=\"twitter:label2\" content=\"Est. reading time\" \/>\n\t<meta name=\"twitter:data2\" content=\"4 minutes\" \/>\n<script type=\"application\/ld+json\" class=\"yoast-schema-graph\">{\"@context\":\"https:\/\/schema.org\",\"@graph\":[{\"@type\":\"Article\",\"@id\":\"https:\/\/ordemterceira.com.br\/index.php\/2025\/10\/10\/conheca-10-hinos-gregorianos-e-mergulhe-na-profundidade-da-musica-sacra\/#article\",\"isPartOf\":{\"@id\":\"https:\/\/ordemterceira.com.br\/index.php\/2025\/10\/10\/conheca-10-hinos-gregorianos-e-mergulhe-na-profundidade-da-musica-sacra\/\"},\"author\":{\"name\":\"admin\",\"@id\":\"https:\/\/ordemterceira.com.br\/#\/schema\/person\/3f761323fe3b257a0c2f1f1f5e8eab70\"},\"headline\":\"Conhe\u00e7a 10 hinos gregorianos e mergulhe na profundidade da m\u00fasica sacra\",\"datePublished\":\"2025-10-10T22:19:16+00:00\",\"dateModified\":\"2025-10-10T22:20:17+00:00\",\"mainEntityOfPage\":{\"@id\":\"https:\/\/ordemterceira.com.br\/index.php\/2025\/10\/10\/conheca-10-hinos-gregorianos-e-mergulhe-na-profundidade-da-musica-sacra\/\"},\"wordCount\":970,\"commentCount\":0,\"publisher\":{\"@id\":\"https:\/\/ordemterceira.com.br\/#organization\"},\"image\":{\"@id\":\"https:\/\/ordemterceira.com.br\/index.php\/2025\/10\/10\/conheca-10-hinos-gregorianos-e-mergulhe-na-profundidade-da-musica-sacra\/#primaryimage\"},\"thumbnailUrl\":\"https:\/\/ordemterceira.com.br\/wp-content\/uploads\/2025\/10\/Conheca-10-hinos-gregorianos-e-mergulhe-na-profundidade-da-musica-sacra.png\",\"articleSection\":[\"Blog\"],\"inLanguage\":\"en-US\",\"potentialAction\":[{\"@type\":\"CommentAction\",\"name\":\"Comment\",\"target\":[\"https:\/\/ordemterceira.com.br\/index.php\/2025\/10\/10\/conheca-10-hinos-gregorianos-e-mergulhe-na-profundidade-da-musica-sacra\/#respond\"]}]},{\"@type\":\"WebPage\",\"@id\":\"https:\/\/ordemterceira.com.br\/index.php\/2025\/10\/10\/conheca-10-hinos-gregorianos-e-mergulhe-na-profundidade-da-musica-sacra\/\",\"url\":\"https:\/\/ordemterceira.com.br\/index.php\/2025\/10\/10\/conheca-10-hinos-gregorianos-e-mergulhe-na-profundidade-da-musica-sacra\/\",\"name\":\"Conhe\u00e7a 10 hinos gregorianos e mergulhe na profundidade da m\u00fasica sacra - Ordem Terceira\",\"isPartOf\":{\"@id\":\"https:\/\/ordemterceira.com.br\/#website\"},\"primaryImageOfPage\":{\"@id\":\"https:\/\/ordemterceira.com.br\/index.php\/2025\/10\/10\/conheca-10-hinos-gregorianos-e-mergulhe-na-profundidade-da-musica-sacra\/#primaryimage\"},\"image\":{\"@id\":\"https:\/\/ordemterceira.com.br\/index.php\/2025\/10\/10\/conheca-10-hinos-gregorianos-e-mergulhe-na-profundidade-da-musica-sacra\/#primaryimage\"},\"thumbnailUrl\":\"https:\/\/ordemterceira.com.br\/wp-content\/uploads\/2025\/10\/Conheca-10-hinos-gregorianos-e-mergulhe-na-profundidade-da-musica-sacra.png\",\"datePublished\":\"2025-10-10T22:19:16+00:00\",\"dateModified\":\"2025-10-10T22:20:17+00:00\",\"breadcrumb\":{\"@id\":\"https:\/\/ordemterceira.com.br\/index.php\/2025\/10\/10\/conheca-10-hinos-gregorianos-e-mergulhe-na-profundidade-da-musica-sacra\/#breadcrumb\"},\"inLanguage\":\"en-US\",\"potentialAction\":[{\"@type\":\"ReadAction\",\"target\":[\"https:\/\/ordemterceira.com.br\/index.php\/2025\/10\/10\/conheca-10-hinos-gregorianos-e-mergulhe-na-profundidade-da-musica-sacra\/\"]}]},{\"@type\":\"ImageObject\",\"inLanguage\":\"en-US\",\"@id\":\"https:\/\/ordemterceira.com.br\/index.php\/2025\/10\/10\/conheca-10-hinos-gregorianos-e-mergulhe-na-profundidade-da-musica-sacra\/#primaryimage\",\"url\":\"https:\/\/ordemterceira.com.br\/wp-content\/uploads\/2025\/10\/Conheca-10-hinos-gregorianos-e-mergulhe-na-profundidade-da-musica-sacra.png\",\"contentUrl\":\"https:\/\/ordemterceira.com.br\/wp-content\/uploads\/2025\/10\/Conheca-10-hinos-gregorianos-e-mergulhe-na-profundidade-da-musica-sacra.png\",\"width\":1080,\"height\":1350},{\"@type\":\"BreadcrumbList\",\"@id\":\"https:\/\/ordemterceira.com.br\/index.php\/2025\/10\/10\/conheca-10-hinos-gregorianos-e-mergulhe-na-profundidade-da-musica-sacra\/#breadcrumb\",\"itemListElement\":[{\"@type\":\"ListItem\",\"position\":1,\"name\":\"In\u00edcio\",\"item\":\"https:\/\/ordemterceira.com.br\/\"},{\"@type\":\"ListItem\",\"position\":2,\"name\":\"Conhe\u00e7a 10 hinos gregorianos e mergulhe na profundidade da m\u00fasica sacra\"}]},{\"@type\":\"WebSite\",\"@id\":\"https:\/\/ordemterceira.com.br\/#website\",\"url\":\"https:\/\/ordemterceira.com.br\/\",\"name\":\"Ordem Terceira\",\"description\":\"\",\"publisher\":{\"@id\":\"https:\/\/ordemterceira.com.br\/#organization\"},\"potentialAction\":[{\"@type\":\"SearchAction\",\"target\":{\"@type\":\"EntryPoint\",\"urlTemplate\":\"https:\/\/ordemterceira.com.br\/?s={search_term_string}\"},\"query-input\":{\"@type\":\"PropertyValueSpecification\",\"valueRequired\":true,\"valueName\":\"search_term_string\"}}],\"inLanguage\":\"en-US\"},{\"@type\":\"Organization\",\"@id\":\"https:\/\/ordemterceira.com.br\/#organization\",\"name\":\"Ordem Terceira\",\"url\":\"https:\/\/ordemterceira.com.br\/\",\"logo\":{\"@type\":\"ImageObject\",\"inLanguage\":\"en-US\",\"@id\":\"https:\/\/ordemterceira.com.br\/#\/schema\/logo\/image\/\",\"url\":\"https:\/\/ordemterceira.com.br\/wp-content\/uploads\/2023\/10\/Brasao-sem-fundo-150x150-1.png\",\"contentUrl\":\"https:\/\/ordemterceira.com.br\/wp-content\/uploads\/2023\/10\/Brasao-sem-fundo-150x150-1.png\",\"width\":150,\"height\":150,\"caption\":\"Ordem Terceira\"},\"image\":{\"@id\":\"https:\/\/ordemterceira.com.br\/#\/schema\/logo\/image\/\"},\"sameAs\":[\"https:\/\/www.instagram.com\/veneravelordem\/\",\"https:\/\/www.youtube.com\/@veneravelordem\"]},{\"@type\":\"Person\",\"@id\":\"https:\/\/ordemterceira.com.br\/#\/schema\/person\/3f761323fe3b257a0c2f1f1f5e8eab70\",\"name\":\"admin\",\"image\":{\"@type\":\"ImageObject\",\"inLanguage\":\"en-US\",\"@id\":\"https:\/\/ordemterceira.com.br\/#\/schema\/person\/image\/\",\"url\":\"https:\/\/secure.gravatar.com\/avatar\/9b8f13302512c0d92ca8b89e7abf6313603deaf0c9d2b236a5178700ee69f295?s=96&d=mm&r=g\",\"contentUrl\":\"https:\/\/secure.gravatar.com\/avatar\/9b8f13302512c0d92ca8b89e7abf6313603deaf0c9d2b236a5178700ee69f295?s=96&d=mm&r=g\",\"caption\":\"admin\"},\"sameAs\":[\"https:\/\/ordemterceira.com.br\"],\"url\":\"https:\/\/ordemterceira.com.br\/index.php\/author\/admin\/\"}]}<\/script>\n<!-- \/ Yoast SEO plugin. -->","yoast_head_json":{"title":"Conhe\u00e7a 10 hinos gregorianos e mergulhe na profundidade da m\u00fasica sacra - Ordem Terceira","robots":{"index":"index","follow":"follow","max-snippet":"max-snippet:-1","max-image-preview":"max-image-preview:large","max-video-preview":"max-video-preview:-1"},"canonical":"https:\/\/ordemterceira.com.br\/index.php\/2025\/10\/10\/conheca-10-hinos-gregorianos-e-mergulhe-na-profundidade-da-musica-sacra\/","og_locale":"en_US","og_type":"article","og_title":"Conhe\u00e7a 10 hinos gregorianos e mergulhe na profundidade da m\u00fasica sacra - Ordem Terceira","og_description":"Poucas express\u00f5es humanas atravessaram os s\u00e9culos com tanta serenidade e poder espiritual quanto o Canto Gregoriano. Desde os primeiros s\u00e9culos do cristianismo, esse estilo musical foi considerado o modo mais puro e elevado de louvar a Deus. Neste artigo, faremos uma verdadeira viagem espiritual por alguns dos hinos mais sublimes dessa tradi\u00e7\u00e3o milenar \u2014 c\u00e2nticos [&hellip;]","og_url":"https:\/\/ordemterceira.com.br\/index.php\/2025\/10\/10\/conheca-10-hinos-gregorianos-e-mergulhe-na-profundidade-da-musica-sacra\/","og_site_name":"Ordem Terceira","article_published_time":"2025-10-10T22:19:16+00:00","article_modified_time":"2025-10-10T22:20:17+00:00","og_image":[{"width":819,"height":1024,"url":"https:\/\/ordemterceira.com.br\/wp-content\/uploads\/2025\/10\/Conheca-10-hinos-gregorianos-e-mergulhe-na-profundidade-da-musica-sacra-819x1024.png","type":"image\/png"}],"author":"admin","twitter_card":"summary_large_image","twitter_misc":{"Written by":"admin","Est. reading time":"4 minutes"},"schema":{"@context":"https:\/\/schema.org","@graph":[{"@type":"Article","@id":"https:\/\/ordemterceira.com.br\/index.php\/2025\/10\/10\/conheca-10-hinos-gregorianos-e-mergulhe-na-profundidade-da-musica-sacra\/#article","isPartOf":{"@id":"https:\/\/ordemterceira.com.br\/index.php\/2025\/10\/10\/conheca-10-hinos-gregorianos-e-mergulhe-na-profundidade-da-musica-sacra\/"},"author":{"name":"admin","@id":"https:\/\/ordemterceira.com.br\/#\/schema\/person\/3f761323fe3b257a0c2f1f1f5e8eab70"},"headline":"Conhe\u00e7a 10 hinos gregorianos e mergulhe na profundidade da m\u00fasica sacra","datePublished":"2025-10-10T22:19:16+00:00","dateModified":"2025-10-10T22:20:17+00:00","mainEntityOfPage":{"@id":"https:\/\/ordemterceira.com.br\/index.php\/2025\/10\/10\/conheca-10-hinos-gregorianos-e-mergulhe-na-profundidade-da-musica-sacra\/"},"wordCount":970,"commentCount":0,"publisher":{"@id":"https:\/\/ordemterceira.com.br\/#organization"},"image":{"@id":"https:\/\/ordemterceira.com.br\/index.php\/2025\/10\/10\/conheca-10-hinos-gregorianos-e-mergulhe-na-profundidade-da-musica-sacra\/#primaryimage"},"thumbnailUrl":"https:\/\/ordemterceira.com.br\/wp-content\/uploads\/2025\/10\/Conheca-10-hinos-gregorianos-e-mergulhe-na-profundidade-da-musica-sacra.png","articleSection":["Blog"],"inLanguage":"en-US","potentialAction":[{"@type":"CommentAction","name":"Comment","target":["https:\/\/ordemterceira.com.br\/index.php\/2025\/10\/10\/conheca-10-hinos-gregorianos-e-mergulhe-na-profundidade-da-musica-sacra\/#respond"]}]},{"@type":"WebPage","@id":"https:\/\/ordemterceira.com.br\/index.php\/2025\/10\/10\/conheca-10-hinos-gregorianos-e-mergulhe-na-profundidade-da-musica-sacra\/","url":"https:\/\/ordemterceira.com.br\/index.php\/2025\/10\/10\/conheca-10-hinos-gregorianos-e-mergulhe-na-profundidade-da-musica-sacra\/","name":"Conhe\u00e7a 10 hinos gregorianos e mergulhe na profundidade da m\u00fasica sacra - Ordem Terceira","isPartOf":{"@id":"https:\/\/ordemterceira.com.br\/#website"},"primaryImageOfPage":{"@id":"https:\/\/ordemterceira.com.br\/index.php\/2025\/10\/10\/conheca-10-hinos-gregorianos-e-mergulhe-na-profundidade-da-musica-sacra\/#primaryimage"},"image":{"@id":"https:\/\/ordemterceira.com.br\/index.php\/2025\/10\/10\/conheca-10-hinos-gregorianos-e-mergulhe-na-profundidade-da-musica-sacra\/#primaryimage"},"thumbnailUrl":"https:\/\/ordemterceira.com.br\/wp-content\/uploads\/2025\/10\/Conheca-10-hinos-gregorianos-e-mergulhe-na-profundidade-da-musica-sacra.png","datePublished":"2025-10-10T22:19:16+00:00","dateModified":"2025-10-10T22:20:17+00:00","breadcrumb":{"@id":"https:\/\/ordemterceira.com.br\/index.php\/2025\/10\/10\/conheca-10-hinos-gregorianos-e-mergulhe-na-profundidade-da-musica-sacra\/#breadcrumb"},"inLanguage":"en-US","potentialAction":[{"@type":"ReadAction","target":["https:\/\/ordemterceira.com.br\/index.php\/2025\/10\/10\/conheca-10-hinos-gregorianos-e-mergulhe-na-profundidade-da-musica-sacra\/"]}]},{"@type":"ImageObject","inLanguage":"en-US","@id":"https:\/\/ordemterceira.com.br\/index.php\/2025\/10\/10\/conheca-10-hinos-gregorianos-e-mergulhe-na-profundidade-da-musica-sacra\/#primaryimage","url":"https:\/\/ordemterceira.com.br\/wp-content\/uploads\/2025\/10\/Conheca-10-hinos-gregorianos-e-mergulhe-na-profundidade-da-musica-sacra.png","contentUrl":"https:\/\/ordemterceira.com.br\/wp-content\/uploads\/2025\/10\/Conheca-10-hinos-gregorianos-e-mergulhe-na-profundidade-da-musica-sacra.png","width":1080,"height":1350},{"@type":"BreadcrumbList","@id":"https:\/\/ordemterceira.com.br\/index.php\/2025\/10\/10\/conheca-10-hinos-gregorianos-e-mergulhe-na-profundidade-da-musica-sacra\/#breadcrumb","itemListElement":[{"@type":"ListItem","position":1,"name":"In\u00edcio","item":"https:\/\/ordemterceira.com.br\/"},{"@type":"ListItem","position":2,"name":"Conhe\u00e7a 10 hinos gregorianos e mergulhe na profundidade da m\u00fasica sacra"}]},{"@type":"WebSite","@id":"https:\/\/ordemterceira.com.br\/#website","url":"https:\/\/ordemterceira.com.br\/","name":"Ordem Terceira","description":"","publisher":{"@id":"https:\/\/ordemterceira.com.br\/#organization"},"potentialAction":[{"@type":"SearchAction","target":{"@type":"EntryPoint","urlTemplate":"https:\/\/ordemterceira.com.br\/?s={search_term_string}"},"query-input":{"@type":"PropertyValueSpecification","valueRequired":true,"valueName":"search_term_string"}}],"inLanguage":"en-US"},{"@type":"Organization","@id":"https:\/\/ordemterceira.com.br\/#organization","name":"Ordem Terceira","url":"https:\/\/ordemterceira.com.br\/","logo":{"@type":"ImageObject","inLanguage":"en-US","@id":"https:\/\/ordemterceira.com.br\/#\/schema\/logo\/image\/","url":"https:\/\/ordemterceira.com.br\/wp-content\/uploads\/2023\/10\/Brasao-sem-fundo-150x150-1.png","contentUrl":"https:\/\/ordemterceira.com.br\/wp-content\/uploads\/2023\/10\/Brasao-sem-fundo-150x150-1.png","width":150,"height":150,"caption":"Ordem Terceira"},"image":{"@id":"https:\/\/ordemterceira.com.br\/#\/schema\/logo\/image\/"},"sameAs":["https:\/\/www.instagram.com\/veneravelordem\/","https:\/\/www.youtube.com\/@veneravelordem"]},{"@type":"Person","@id":"https:\/\/ordemterceira.com.br\/#\/schema\/person\/3f761323fe3b257a0c2f1f1f5e8eab70","name":"admin","image":{"@type":"ImageObject","inLanguage":"en-US","@id":"https:\/\/ordemterceira.com.br\/#\/schema\/person\/image\/","url":"https:\/\/secure.gravatar.com\/avatar\/9b8f13302512c0d92ca8b89e7abf6313603deaf0c9d2b236a5178700ee69f295?s=96&d=mm&r=g","contentUrl":"https:\/\/secure.gravatar.com\/avatar\/9b8f13302512c0d92ca8b89e7abf6313603deaf0c9d2b236a5178700ee69f295?s=96&d=mm&r=g","caption":"admin"},"sameAs":["https:\/\/ordemterceira.com.br"],"url":"https:\/\/ordemterceira.com.br\/index.php\/author\/admin\/"}]}},"_links":{"self":[{"href":"https:\/\/ordemterceira.com.br\/index.php\/wp-json\/wp\/v2\/posts\/2826","targetHints":{"allow":["GET"]}}],"collection":[{"href":"https:\/\/ordemterceira.com.br\/index.php\/wp-json\/wp\/v2\/posts"}],"about":[{"href":"https:\/\/ordemterceira.com.br\/index.php\/wp-json\/wp\/v2\/types\/post"}],"author":[{"embeddable":true,"href":"https:\/\/ordemterceira.com.br\/index.php\/wp-json\/wp\/v2\/users\/1"}],"replies":[{"embeddable":true,"href":"https:\/\/ordemterceira.com.br\/index.php\/wp-json\/wp\/v2\/comments?post=2826"}],"version-history":[{"count":4,"href":"https:\/\/ordemterceira.com.br\/index.php\/wp-json\/wp\/v2\/posts\/2826\/revisions"}],"predecessor-version":[{"id":2831,"href":"https:\/\/ordemterceira.com.br\/index.php\/wp-json\/wp\/v2\/posts\/2826\/revisions\/2831"}],"wp:featuredmedia":[{"embeddable":true,"href":"https:\/\/ordemterceira.com.br\/index.php\/wp-json\/wp\/v2\/media\/2827"}],"wp:attachment":[{"href":"https:\/\/ordemterceira.com.br\/index.php\/wp-json\/wp\/v2\/media?parent=2826"}],"wp:term":[{"taxonomy":"category","embeddable":true,"href":"https:\/\/ordemterceira.com.br\/index.php\/wp-json\/wp\/v2\/categories?post=2826"},{"taxonomy":"post_tag","embeddable":true,"href":"https:\/\/ordemterceira.com.br\/index.php\/wp-json\/wp\/v2\/tags?post=2826"}],"curies":[{"name":"wp","href":"https:\/\/api.w.org\/{rel}","templated":true}]}}