{"id":3025,"date":"2025-12-12T17:28:34","date_gmt":"2025-12-12T20:28:34","guid":{"rendered":"https:\/\/ordemterceira.com.br\/?p=3025"},"modified":"2025-12-12T17:29:36","modified_gmt":"2025-12-12T20:29:36","slug":"conheca-as-antifonas-do-o-um-tesouro-liturgico-do-advento","status":"publish","type":"post","link":"https:\/\/ordemterceira.com.br\/index.php\/2025\/12\/12\/conheca-as-antifonas-do-o-um-tesouro-liturgico-do-advento\/","title":{"rendered":"Conhe\u00e7a as Ant\u00edfonas do \u00d3: um tesouro lit\u00fargico do Advento"},"content":{"rendered":"\t\t<div data-elementor-type=\"wp-post\" data-elementor-id=\"3025\" class=\"elementor elementor-3025\" data-elementor-post-type=\"post\">\n\t\t\t\t<div class=\"elementor-element elementor-element-18d02a40 e-flex e-con-boxed e-con e-parent\" data-id=\"18d02a40\" data-element_type=\"container\">\n\t\t\t\t\t<div class=\"e-con-inner\">\n\t\t\t\t<div class=\"elementor-element elementor-element-7595a614 elementor-widget elementor-widget-text-editor\" data-id=\"7595a614\" data-element_type=\"widget\" data-widget_type=\"text-editor.default\">\n\t\t\t\t<div class=\"elementor-widget-container\">\n\t\t\t\t\t\t\t\t\t\n<p><span style=\"font-weight: 400;\">As <\/span><b>Grandes Ant\u00edfonas do \u00d3<\/b><span style=\"font-weight: 400;\">, tamb\u00e9m chamadas <\/span><b>Ant\u00edfonas Maiores do Advento<\/b><span style=\"font-weight: 400;\">, s\u00e3o um dos mais belos e profundos tesouros da liturgia cat\u00f3lica. Rezadas ou cantadas diariamente entre <\/span><b>17 e 23 de dezembro<\/b><span style=\"font-weight: 400;\">, durante as V\u00e9speras, elas envolvem o Magnificat em um clima de solene expectativa pela chegada do Messias.<\/span><\/p>\n<p><span style=\"font-weight: 400;\">Cada ant\u00edfona invoca Cristo com um <\/span><b>t\u00edtulo b\u00edblico messi\u00e2nico<\/b><span style=\"font-weight: 400;\">, sintetizando toda a esperan\u00e7a do povo de Deus pela vinda do Salvador. Neste artigo, voc\u00ea conhecer\u00e1 sua origem hist\u00f3rica, seu significado espiritual, todos os textos em latim e portugu\u00eas e as principais refer\u00eancias b\u00edblicas que as fundamentam.<\/span><\/p>\n<p>\u00a0<\/p>\n<h2><b>Origem hist\u00f3rica das ant\u00edfonas do \u00d3<\/b><\/h2>\n<p><span style=\"font-weight: 400;\">As Ant\u00edfonas do \u00d3 remontam aos <\/span><b>s\u00e9culos VII e VIII<\/b><span style=\"font-weight: 400;\">, com poss\u00edveis ra\u00edzes ainda anteriores na liturgia romana e italiana do s\u00e9culo VI. Elas j\u00e1 estavam presentes nas V\u00e9speras do per\u00edodo carol\u00edngio e, lentamente, difundiram-se por toda a Igreja do Ocidente.<\/span><\/p>\n<p><span style=\"font-weight: 400;\">Autores como <\/span><b>Amal\u00e1rio de Metz<\/b><span style=\"font-weight: 400;\"> (s\u00e9culo IX) as mencionam explicitamente, e sua antiguidade \u00e9 tradicionalmente associada \u00e0 influ\u00eancia de <\/span><b>S\u00e3o Greg\u00f3rio Magno<\/b><span style=\"font-weight: 400;\">. Ap\u00f3s o <\/span><b>Conc\u00edlio Vaticano II<\/b><span style=\"font-weight: 400;\">, passaram tamb\u00e9m a ser usadas como aclama\u00e7\u00f5es ao Evangelho nas Missas dos dias 17 a 23 de dezembro.<\/span><\/p>\n<p><span style=\"font-weight: 400;\">As iniciais dos sete t\u00edtulos latinos \u2014 <\/span><b><i>Sapientia, Adonai, Radix, Clavis, Oriens, Rex, Emmanuel<\/i><\/b><span style=\"font-weight: 400;\"> \u2014, lidas de tr\u00e1s para frente, formam o acr\u00f3stico <\/span><b>ERO CRAS<\/b><span style=\"font-weight: 400;\">, que significa <\/span><b>\u201cVirei amanh\u00e3\u201d<\/b><span style=\"font-weight: 400;\">. \u00c9 como se Cristo mesmo respondesse \u00e0s s\u00faplicas da Igreja \u00e0s v\u00e9speras do Natal.<\/span><\/p>\n<p>\u00a0<\/p>\n<h2><b>Import\u00e2ncia espiritual das ant\u00edfonas do \u00d3<\/b><\/h2>\n<p><span style=\"font-weight: 400;\">As Ant\u00edfonas do \u00d3 formam um verdadeiro <\/span><b>comp\u00eandio de cristologia b\u00edblica<\/b><span style=\"font-weight: 400;\">. Em apenas sete invoca\u00e7\u00f5es, elas condensam o anseio de Israel pela salva\u00e7\u00e3o e a realiza\u00e7\u00e3o plena dessas promessas em Jesus Cristo.<\/span><\/p>\n<p><span style=\"font-weight: 400;\">Durante os \u00faltimos dias do Advento, essas ant\u00edfonas reacendem no cora\u00e7\u00e3o dos fi\u00e9is a <\/span><b>esperan\u00e7a messi\u00e2nica<\/b><span style=\"font-weight: 400;\">, recordando que o Salvador vem libertar o mundo da ignor\u00e2ncia, do pecado e das trevas. Cada t\u00edtulo revela um aspecto do mist\u00e9rio da Encarna\u00e7\u00e3o, preparando a alma para acolher o <\/span><b>Emmanuel \u2014 Deus conosco<\/b><span style=\"font-weight: 400;\">.<\/span><\/p>\n<p>\u00a0<\/p>\n<h2><b>Textos completos das sete ant\u00edfonas do \u00d3<\/b><\/h2>\n<p><i><span style=\"font-weight: 400;\">(Vers\u00e3o tradicional em latim e tradu\u00e7\u00e3o oficial em portugu\u00eas)<\/span><\/i><\/p>\n<p>\u00a0<\/p>\n<h3><b>17 de dezembro \u2013 \u00d3 Sabedoria (O Sapientia)<\/b><\/h3>\n<p><b>Latim:<\/b><b><br \/><\/b><i><span style=\"font-weight: 400;\">O Sapientia, qu\u00e6 ex ore Altissimi prodiisti, attingens a fine usque ad finem, fortiter suaviterque disponens omnia: veni ad docendum nos viam prudenti\u00e6.<\/span><\/i><\/p>\n<p><b>Portugu\u00eas:<\/b><b><br \/><\/b><span style=\"font-weight: 400;\">\u00d3 Sabedoria, que sa\u00edstes da boca do Alt\u00edssimo, e atingis at\u00e9 os confins de todo o universo e com for\u00e7a e suavidade governais o mundo inteiro: oh vinde ensinar-nos o caminho da prud\u00eancia!<\/span><\/p>\n<p><b>Refer\u00eancias b\u00edblicas:<\/b><span style=\"font-weight: 400;\"> Sir 24,3; Sb 8,1; 1Cor 1,24.<\/span><\/p>\n<p>\u00a0<\/p>\n<h3><b>18 de dezembro \u2013 \u00d3 Adonai (O Adonai)<\/b><\/h3>\n<p><b>Latim:<\/b><b><br \/><\/b><i><span style=\"font-weight: 400;\">O Adonai, et Dux domus Israel, qui Moysi in igne flamm\u00e6 rubi apparuisti, et ei in Sina legem dedisti: veni ad redimendum nos in brachio extento.<\/span><\/i><\/p>\n<p><b>Portugu\u00eas:<\/b><b><br \/><\/b><span style=\"font-weight: 400;\">\u00d3 Adonai, \u00f3 Chefe da casa de Israel, que aparecestes a Mois\u00e9s na sar\u00e7a ardente e no Sinai lhe destes a vossa lei: oh vinde libertar-nos com o poder de vosso bra\u00e7o!<\/span><\/p>\n<p><b>Refer\u00eancias b\u00edblicas:<\/b><span style=\"font-weight: 400;\"> Ex 3,2; Ex 20; Mq 5,1; 2Sm 5,2.<\/span><\/p>\n<p>\u00a0<\/p>\n<h3><b>19 de dezembro \u2013 \u00d3 Raiz de Jess\u00e9 (O Radix Jesse)<\/b><\/h3>\n<p><b>Latim:<\/b><b><br \/><\/b><i><span style=\"font-weight: 400;\">O Radix Jesse, qui stas in signum populorum, super quem continebunt reges os suum, quem Gentes deprecabuntur: veni ad liberandum nos, jam noli tardare.<\/span><\/i><\/p>\n<p><b>Portugu\u00eas:<\/b><b><br \/><\/b><span style=\"font-weight: 400;\">\u00d3 Raiz de Jess\u00e9, que vos erguestes como estandarte dos povos, ante v\u00f3s os reis se calam e as na\u00e7\u00f5es vos invocam: vinde livrar-nos, n\u00e3o tardeis mais!<\/span><\/p>\n<p><b>Refer\u00eancias b\u00edblicas:<\/b><span style=\"font-weight: 400;\"> Is 11,1.10; Is 52,15.<\/span><\/p>\n<p>\u00a0<\/p>\n<h3><b>20 de dezembro \u2013 \u00d3 Chave de Davi (O Clavis David)<\/b><\/h3>\n<p><b>Latim:<\/b><b><br \/><\/b><i><span style=\"font-weight: 400;\">O Clavis David, et sceptrum domus Israel; qui aperis, et nemo claudit; claudis, et nemo aperit: veni, et educ vinctum de domo carceris, sedentem in tenebris, et umbra mortis.<\/span><\/i><\/p>\n<p><b>Portugu\u00eas:<\/b><b><br \/><\/b><span style=\"font-weight: 400;\">\u00d3 Chave de Davi, \u00f3 Cetro da casa de Israel, que abris e ningu\u00e9m fecha, fechais e ningu\u00e9m abre: oh vinde e libertai da pris\u00e3o o cativo que jaz nas trevas e na sombra da morte!<\/span><\/p>\n<p><b>Refer\u00eancias b\u00edblicas:<\/b><span style=\"font-weight: 400;\"> Is 22,22; Is 42,7; Sl 107,14; Ap 3,7.<\/span><\/p>\n<p>\u00a0<\/p>\n<h3><b>21 de dezembro \u2013 \u00d3 Oriente \/ Sol Nascente (O Oriens)<\/b><\/h3>\n<p><b>Latim:<\/b><b><br \/><\/b><i><span style=\"font-weight: 400;\">O Oriens, splendor lucis \u00e6tern\u00e6, et sol justiti\u00e6: veni, et illumina sedentes in tenebris, et umbra mortis.<\/span><\/i><\/p>\n<p><b>Portugu\u00eas:<\/b><b><br \/><\/b><span style=\"font-weight: 400;\">\u00d3 Sol nascente, esplendor da Luz eterna e Sol de justi\u00e7a: oh vinde e iluminai os que jazem nas trevas e na sombra da morte!<\/span><\/p>\n<p><b>Refer\u00eancias b\u00edblicas:<\/b><span style=\"font-weight: 400;\"> Ml 3,20 (4,2); Zc 3,8; 6,12; Lc 1,78-79.<\/span><\/p>\n<p>\u00a0<\/p>\n<h3><b>22 de dezembro \u2013 \u00d3 Rei das Na\u00e7\u00f5es (O Rex Gentium)<\/b><\/h3>\n<p><b>Latim:<\/b><b><br \/><\/b><i><span style=\"font-weight: 400;\">O Rex Gentium, et desideratus earum, lapisque angularis, qui facis utraque unum: veni, et salva hominem, quem de limo formasti.<\/span><\/i><\/p>\n<p><b>Portugu\u00eas:<\/b><b><br \/><\/b><span style=\"font-weight: 400;\">\u00d3 Rei das na\u00e7\u00f5es e Desejado dos povos, \u00f3 Pedra angular que unis em v\u00f3s judeu e pag\u00e3o: vinde e salvai o homem que do barro formastes!<\/span><\/p>\n<p><b>Refer\u00eancias b\u00edblicas:<\/b><span style=\"font-weight: 400;\"> Ag 2,7; Ef 2,14-20; Gn 2,7.<\/span><\/p>\n<p>\u00a0<\/p>\n<h3><b>23 de dezembro \u2013 \u00d3 Emmanuel (O Emmanuel)<\/b><\/h3>\n<p><b>Latim:<\/b><b><br \/><\/b><i><span style=\"font-weight: 400;\">O Emmanuel, Rex et legifer noster, exspectatio Gentium, et Salvator earum: veni ad salvandum nos, Domine, Deus noster.<\/span><\/i><\/p>\n<p><b>Portugu\u00eas:<\/b><b><br \/><\/b><span style=\"font-weight: 400;\">\u00d3 Emmanuel, nosso Rei e Legislador, esperan\u00e7a e Salvador das na\u00e7\u00f5es: oh vinde, enfim, para salvar-nos, Senhor, nosso Deus!<\/span><\/p>\n<p><b>Refer\u00eancias b\u00edblicas:<\/b><span style=\"font-weight: 400;\"> Is 7,14; Is 33,22.<\/span><\/p>\n<p>\u00a0<\/p>\n<h2><b>Um convite \u00e0 contempla\u00e7\u00e3o no advento<\/b><\/h2>\n<p><span style=\"font-weight: 400;\">Tecidas diretamente a partir da Sagrada Escritura, as Ant\u00edfonas do \u00d3 condensam toda a <\/span><b>esperan\u00e7a messi\u00e2nica do Antigo Testamento<\/b><span style=\"font-weight: 400;\"> e apontam para sua plena realiza\u00e7\u00e3o em Jesus Cristo. Rez\u00e1-las nos \u00faltimos dias do Advento \u00e9 entrar no ritmo da Igreja que, com amor ardente, clama: <\/span><b>\u201cVinde, Senhor Jesus!\u201d<\/b><\/p>\n<p><span style=\"font-weight: 400;\">Que essas vener\u00e1veis invoca\u00e7\u00f5es iluminem o seu Advento, fortale\u00e7am sua esperan\u00e7a e preparem profundamente o seu cora\u00e7\u00e3o para o Natal.<\/span><\/p>\n\t\t\t\t\t\t\t\t<\/div>\n\t\t\t\t<\/div>\n\t\t\t\t\t<\/div>\n\t\t\t\t<\/div>\n\t\t\t\t<\/div>\n\t\t","protected":false},"excerpt":{"rendered":"<p>As Grandes Ant\u00edfonas do \u00d3, tamb\u00e9m chamadas Ant\u00edfonas Maiores do Advento, s\u00e3o um dos mais belos e profundos tesouros da liturgia cat\u00f3lica. Rezadas ou cantadas diariamente entre 17 e 23 de dezembro, durante as V\u00e9speras, elas envolvem o Magnificat em um clima de solene expectativa pela chegada do Messias. Cada ant\u00edfona invoca Cristo com um [&hellip;]<\/p>\n","protected":false},"author":1,"featured_media":3026,"comment_status":"open","ping_status":"open","sticky":false,"template":"","format":"standard","meta":{"footnotes":""},"categories":[1],"tags":[],"class_list":["post-3025","post","type-post","status-publish","format-standard","has-post-thumbnail","hentry","category-blog"],"yoast_head":"<!-- This site is optimized with the Yoast SEO plugin v25.7 - https:\/\/yoast.com\/wordpress\/plugins\/seo\/ -->\n<title>Conhe\u00e7a as Ant\u00edfonas do \u00d3: um tesouro lit\u00fargico do Advento - Ordem Terceira<\/title>\n<meta name=\"robots\" content=\"index, follow, max-snippet:-1, max-image-preview:large, max-video-preview:-1\" \/>\n<link rel=\"canonical\" href=\"https:\/\/ordemterceira.com.br\/index.php\/2025\/12\/12\/conheca-as-antifonas-do-o-um-tesouro-liturgico-do-advento\/\" \/>\n<meta property=\"og:locale\" content=\"en_US\" \/>\n<meta property=\"og:type\" content=\"article\" \/>\n<meta property=\"og:title\" content=\"Conhe\u00e7a as Ant\u00edfonas do \u00d3: um tesouro lit\u00fargico do Advento - Ordem Terceira\" \/>\n<meta property=\"og:description\" content=\"As Grandes Ant\u00edfonas do \u00d3, tamb\u00e9m chamadas Ant\u00edfonas Maiores do Advento, s\u00e3o um dos mais belos e profundos tesouros da liturgia cat\u00f3lica. Rezadas ou cantadas diariamente entre 17 e 23 de dezembro, durante as V\u00e9speras, elas envolvem o Magnificat em um clima de solene expectativa pela chegada do Messias. Cada ant\u00edfona invoca Cristo com um [&hellip;]\" \/>\n<meta property=\"og:url\" content=\"https:\/\/ordemterceira.com.br\/index.php\/2025\/12\/12\/conheca-as-antifonas-do-o-um-tesouro-liturgico-do-advento\/\" \/>\n<meta property=\"og:site_name\" content=\"Ordem Terceira\" \/>\n<meta property=\"article:published_time\" content=\"2025-12-12T20:28:34+00:00\" \/>\n<meta property=\"article:modified_time\" content=\"2025-12-12T20:29:36+00:00\" \/>\n<meta property=\"og:image\" content=\"https:\/\/ordemterceira.com.br\/wp-content\/uploads\/2025\/12\/Conheca-as-Antifonas-do-O-um-tesouro-liturgico-do-Advento-819x1024.png\" \/>\n\t<meta property=\"og:image:width\" content=\"819\" \/>\n\t<meta property=\"og:image:height\" content=\"1024\" \/>\n\t<meta property=\"og:image:type\" content=\"image\/png\" \/>\n<meta name=\"author\" content=\"admin\" \/>\n<meta name=\"twitter:card\" content=\"summary_large_image\" \/>\n<meta name=\"twitter:label1\" content=\"Written by\" \/>\n\t<meta name=\"twitter:data1\" content=\"admin\" \/>\n\t<meta name=\"twitter:label2\" content=\"Est. reading time\" \/>\n\t<meta name=\"twitter:data2\" content=\"4 minutes\" \/>\n<script type=\"application\/ld+json\" class=\"yoast-schema-graph\">{\"@context\":\"https:\/\/schema.org\",\"@graph\":[{\"@type\":\"Article\",\"@id\":\"https:\/\/ordemterceira.com.br\/index.php\/2025\/12\/12\/conheca-as-antifonas-do-o-um-tesouro-liturgico-do-advento\/#article\",\"isPartOf\":{\"@id\":\"https:\/\/ordemterceira.com.br\/index.php\/2025\/12\/12\/conheca-as-antifonas-do-o-um-tesouro-liturgico-do-advento\/\"},\"author\":{\"name\":\"admin\",\"@id\":\"https:\/\/ordemterceira.com.br\/#\/schema\/person\/3f761323fe3b257a0c2f1f1f5e8eab70\"},\"headline\":\"Conhe\u00e7a as Ant\u00edfonas do \u00d3: um tesouro lit\u00fargico do Advento\",\"datePublished\":\"2025-12-12T20:28:34+00:00\",\"dateModified\":\"2025-12-12T20:29:36+00:00\",\"mainEntityOfPage\":{\"@id\":\"https:\/\/ordemterceira.com.br\/index.php\/2025\/12\/12\/conheca-as-antifonas-do-o-um-tesouro-liturgico-do-advento\/\"},\"wordCount\":956,\"commentCount\":0,\"publisher\":{\"@id\":\"https:\/\/ordemterceira.com.br\/#organization\"},\"image\":{\"@id\":\"https:\/\/ordemterceira.com.br\/index.php\/2025\/12\/12\/conheca-as-antifonas-do-o-um-tesouro-liturgico-do-advento\/#primaryimage\"},\"thumbnailUrl\":\"https:\/\/ordemterceira.com.br\/wp-content\/uploads\/2025\/12\/Conheca-as-Antifonas-do-O-um-tesouro-liturgico-do-Advento.png\",\"articleSection\":[\"Blog\"],\"inLanguage\":\"en-US\",\"potentialAction\":[{\"@type\":\"CommentAction\",\"name\":\"Comment\",\"target\":[\"https:\/\/ordemterceira.com.br\/index.php\/2025\/12\/12\/conheca-as-antifonas-do-o-um-tesouro-liturgico-do-advento\/#respond\"]}]},{\"@type\":\"WebPage\",\"@id\":\"https:\/\/ordemterceira.com.br\/index.php\/2025\/12\/12\/conheca-as-antifonas-do-o-um-tesouro-liturgico-do-advento\/\",\"url\":\"https:\/\/ordemterceira.com.br\/index.php\/2025\/12\/12\/conheca-as-antifonas-do-o-um-tesouro-liturgico-do-advento\/\",\"name\":\"Conhe\u00e7a as Ant\u00edfonas do \u00d3: um tesouro lit\u00fargico do Advento - Ordem Terceira\",\"isPartOf\":{\"@id\":\"https:\/\/ordemterceira.com.br\/#website\"},\"primaryImageOfPage\":{\"@id\":\"https:\/\/ordemterceira.com.br\/index.php\/2025\/12\/12\/conheca-as-antifonas-do-o-um-tesouro-liturgico-do-advento\/#primaryimage\"},\"image\":{\"@id\":\"https:\/\/ordemterceira.com.br\/index.php\/2025\/12\/12\/conheca-as-antifonas-do-o-um-tesouro-liturgico-do-advento\/#primaryimage\"},\"thumbnailUrl\":\"https:\/\/ordemterceira.com.br\/wp-content\/uploads\/2025\/12\/Conheca-as-Antifonas-do-O-um-tesouro-liturgico-do-Advento.png\",\"datePublished\":\"2025-12-12T20:28:34+00:00\",\"dateModified\":\"2025-12-12T20:29:36+00:00\",\"breadcrumb\":{\"@id\":\"https:\/\/ordemterceira.com.br\/index.php\/2025\/12\/12\/conheca-as-antifonas-do-o-um-tesouro-liturgico-do-advento\/#breadcrumb\"},\"inLanguage\":\"en-US\",\"potentialAction\":[{\"@type\":\"ReadAction\",\"target\":[\"https:\/\/ordemterceira.com.br\/index.php\/2025\/12\/12\/conheca-as-antifonas-do-o-um-tesouro-liturgico-do-advento\/\"]}]},{\"@type\":\"ImageObject\",\"inLanguage\":\"en-US\",\"@id\":\"https:\/\/ordemterceira.com.br\/index.php\/2025\/12\/12\/conheca-as-antifonas-do-o-um-tesouro-liturgico-do-advento\/#primaryimage\",\"url\":\"https:\/\/ordemterceira.com.br\/wp-content\/uploads\/2025\/12\/Conheca-as-Antifonas-do-O-um-tesouro-liturgico-do-Advento.png\",\"contentUrl\":\"https:\/\/ordemterceira.com.br\/wp-content\/uploads\/2025\/12\/Conheca-as-Antifonas-do-O-um-tesouro-liturgico-do-Advento.png\",\"width\":1080,\"height\":1350},{\"@type\":\"BreadcrumbList\",\"@id\":\"https:\/\/ordemterceira.com.br\/index.php\/2025\/12\/12\/conheca-as-antifonas-do-o-um-tesouro-liturgico-do-advento\/#breadcrumb\",\"itemListElement\":[{\"@type\":\"ListItem\",\"position\":1,\"name\":\"In\u00edcio\",\"item\":\"https:\/\/ordemterceira.com.br\/\"},{\"@type\":\"ListItem\",\"position\":2,\"name\":\"Conhe\u00e7a as Ant\u00edfonas do \u00d3: um tesouro lit\u00fargico do Advento\"}]},{\"@type\":\"WebSite\",\"@id\":\"https:\/\/ordemterceira.com.br\/#website\",\"url\":\"https:\/\/ordemterceira.com.br\/\",\"name\":\"Ordem Terceira\",\"description\":\"\",\"publisher\":{\"@id\":\"https:\/\/ordemterceira.com.br\/#organization\"},\"potentialAction\":[{\"@type\":\"SearchAction\",\"target\":{\"@type\":\"EntryPoint\",\"urlTemplate\":\"https:\/\/ordemterceira.com.br\/?s={search_term_string}\"},\"query-input\":{\"@type\":\"PropertyValueSpecification\",\"valueRequired\":true,\"valueName\":\"search_term_string\"}}],\"inLanguage\":\"en-US\"},{\"@type\":\"Organization\",\"@id\":\"https:\/\/ordemterceira.com.br\/#organization\",\"name\":\"Ordem Terceira\",\"url\":\"https:\/\/ordemterceira.com.br\/\",\"logo\":{\"@type\":\"ImageObject\",\"inLanguage\":\"en-US\",\"@id\":\"https:\/\/ordemterceira.com.br\/#\/schema\/logo\/image\/\",\"url\":\"https:\/\/ordemterceira.com.br\/wp-content\/uploads\/2023\/10\/Brasao-sem-fundo-150x150-1.png\",\"contentUrl\":\"https:\/\/ordemterceira.com.br\/wp-content\/uploads\/2023\/10\/Brasao-sem-fundo-150x150-1.png\",\"width\":150,\"height\":150,\"caption\":\"Ordem Terceira\"},\"image\":{\"@id\":\"https:\/\/ordemterceira.com.br\/#\/schema\/logo\/image\/\"},\"sameAs\":[\"https:\/\/www.instagram.com\/veneravelordem\/\",\"https:\/\/www.youtube.com\/@veneravelordem\"]},{\"@type\":\"Person\",\"@id\":\"https:\/\/ordemterceira.com.br\/#\/schema\/person\/3f761323fe3b257a0c2f1f1f5e8eab70\",\"name\":\"admin\",\"image\":{\"@type\":\"ImageObject\",\"inLanguage\":\"en-US\",\"@id\":\"https:\/\/ordemterceira.com.br\/#\/schema\/person\/image\/\",\"url\":\"https:\/\/secure.gravatar.com\/avatar\/9b8f13302512c0d92ca8b89e7abf6313603deaf0c9d2b236a5178700ee69f295?s=96&d=mm&r=g\",\"contentUrl\":\"https:\/\/secure.gravatar.com\/avatar\/9b8f13302512c0d92ca8b89e7abf6313603deaf0c9d2b236a5178700ee69f295?s=96&d=mm&r=g\",\"caption\":\"admin\"},\"sameAs\":[\"https:\/\/ordemterceira.com.br\"],\"url\":\"https:\/\/ordemterceira.com.br\/index.php\/author\/admin\/\"}]}<\/script>\n<!-- \/ Yoast SEO plugin. -->","yoast_head_json":{"title":"Conhe\u00e7a as Ant\u00edfonas do \u00d3: um tesouro lit\u00fargico do Advento - Ordem Terceira","robots":{"index":"index","follow":"follow","max-snippet":"max-snippet:-1","max-image-preview":"max-image-preview:large","max-video-preview":"max-video-preview:-1"},"canonical":"https:\/\/ordemterceira.com.br\/index.php\/2025\/12\/12\/conheca-as-antifonas-do-o-um-tesouro-liturgico-do-advento\/","og_locale":"en_US","og_type":"article","og_title":"Conhe\u00e7a as Ant\u00edfonas do \u00d3: um tesouro lit\u00fargico do Advento - Ordem Terceira","og_description":"As Grandes Ant\u00edfonas do \u00d3, tamb\u00e9m chamadas Ant\u00edfonas Maiores do Advento, s\u00e3o um dos mais belos e profundos tesouros da liturgia cat\u00f3lica. Rezadas ou cantadas diariamente entre 17 e 23 de dezembro, durante as V\u00e9speras, elas envolvem o Magnificat em um clima de solene expectativa pela chegada do Messias. Cada ant\u00edfona invoca Cristo com um [&hellip;]","og_url":"https:\/\/ordemterceira.com.br\/index.php\/2025\/12\/12\/conheca-as-antifonas-do-o-um-tesouro-liturgico-do-advento\/","og_site_name":"Ordem Terceira","article_published_time":"2025-12-12T20:28:34+00:00","article_modified_time":"2025-12-12T20:29:36+00:00","og_image":[{"width":819,"height":1024,"url":"https:\/\/ordemterceira.com.br\/wp-content\/uploads\/2025\/12\/Conheca-as-Antifonas-do-O-um-tesouro-liturgico-do-Advento-819x1024.png","type":"image\/png"}],"author":"admin","twitter_card":"summary_large_image","twitter_misc":{"Written by":"admin","Est. reading time":"4 minutes"},"schema":{"@context":"https:\/\/schema.org","@graph":[{"@type":"Article","@id":"https:\/\/ordemterceira.com.br\/index.php\/2025\/12\/12\/conheca-as-antifonas-do-o-um-tesouro-liturgico-do-advento\/#article","isPartOf":{"@id":"https:\/\/ordemterceira.com.br\/index.php\/2025\/12\/12\/conheca-as-antifonas-do-o-um-tesouro-liturgico-do-advento\/"},"author":{"name":"admin","@id":"https:\/\/ordemterceira.com.br\/#\/schema\/person\/3f761323fe3b257a0c2f1f1f5e8eab70"},"headline":"Conhe\u00e7a as Ant\u00edfonas do \u00d3: um tesouro lit\u00fargico do Advento","datePublished":"2025-12-12T20:28:34+00:00","dateModified":"2025-12-12T20:29:36+00:00","mainEntityOfPage":{"@id":"https:\/\/ordemterceira.com.br\/index.php\/2025\/12\/12\/conheca-as-antifonas-do-o-um-tesouro-liturgico-do-advento\/"},"wordCount":956,"commentCount":0,"publisher":{"@id":"https:\/\/ordemterceira.com.br\/#organization"},"image":{"@id":"https:\/\/ordemterceira.com.br\/index.php\/2025\/12\/12\/conheca-as-antifonas-do-o-um-tesouro-liturgico-do-advento\/#primaryimage"},"thumbnailUrl":"https:\/\/ordemterceira.com.br\/wp-content\/uploads\/2025\/12\/Conheca-as-Antifonas-do-O-um-tesouro-liturgico-do-Advento.png","articleSection":["Blog"],"inLanguage":"en-US","potentialAction":[{"@type":"CommentAction","name":"Comment","target":["https:\/\/ordemterceira.com.br\/index.php\/2025\/12\/12\/conheca-as-antifonas-do-o-um-tesouro-liturgico-do-advento\/#respond"]}]},{"@type":"WebPage","@id":"https:\/\/ordemterceira.com.br\/index.php\/2025\/12\/12\/conheca-as-antifonas-do-o-um-tesouro-liturgico-do-advento\/","url":"https:\/\/ordemterceira.com.br\/index.php\/2025\/12\/12\/conheca-as-antifonas-do-o-um-tesouro-liturgico-do-advento\/","name":"Conhe\u00e7a as Ant\u00edfonas do \u00d3: um tesouro lit\u00fargico do Advento - Ordem Terceira","isPartOf":{"@id":"https:\/\/ordemterceira.com.br\/#website"},"primaryImageOfPage":{"@id":"https:\/\/ordemterceira.com.br\/index.php\/2025\/12\/12\/conheca-as-antifonas-do-o-um-tesouro-liturgico-do-advento\/#primaryimage"},"image":{"@id":"https:\/\/ordemterceira.com.br\/index.php\/2025\/12\/12\/conheca-as-antifonas-do-o-um-tesouro-liturgico-do-advento\/#primaryimage"},"thumbnailUrl":"https:\/\/ordemterceira.com.br\/wp-content\/uploads\/2025\/12\/Conheca-as-Antifonas-do-O-um-tesouro-liturgico-do-Advento.png","datePublished":"2025-12-12T20:28:34+00:00","dateModified":"2025-12-12T20:29:36+00:00","breadcrumb":{"@id":"https:\/\/ordemterceira.com.br\/index.php\/2025\/12\/12\/conheca-as-antifonas-do-o-um-tesouro-liturgico-do-advento\/#breadcrumb"},"inLanguage":"en-US","potentialAction":[{"@type":"ReadAction","target":["https:\/\/ordemterceira.com.br\/index.php\/2025\/12\/12\/conheca-as-antifonas-do-o-um-tesouro-liturgico-do-advento\/"]}]},{"@type":"ImageObject","inLanguage":"en-US","@id":"https:\/\/ordemterceira.com.br\/index.php\/2025\/12\/12\/conheca-as-antifonas-do-o-um-tesouro-liturgico-do-advento\/#primaryimage","url":"https:\/\/ordemterceira.com.br\/wp-content\/uploads\/2025\/12\/Conheca-as-Antifonas-do-O-um-tesouro-liturgico-do-Advento.png","contentUrl":"https:\/\/ordemterceira.com.br\/wp-content\/uploads\/2025\/12\/Conheca-as-Antifonas-do-O-um-tesouro-liturgico-do-Advento.png","width":1080,"height":1350},{"@type":"BreadcrumbList","@id":"https:\/\/ordemterceira.com.br\/index.php\/2025\/12\/12\/conheca-as-antifonas-do-o-um-tesouro-liturgico-do-advento\/#breadcrumb","itemListElement":[{"@type":"ListItem","position":1,"name":"In\u00edcio","item":"https:\/\/ordemterceira.com.br\/"},{"@type":"ListItem","position":2,"name":"Conhe\u00e7a as Ant\u00edfonas do \u00d3: um tesouro lit\u00fargico do Advento"}]},{"@type":"WebSite","@id":"https:\/\/ordemterceira.com.br\/#website","url":"https:\/\/ordemterceira.com.br\/","name":"Ordem Terceira","description":"","publisher":{"@id":"https:\/\/ordemterceira.com.br\/#organization"},"potentialAction":[{"@type":"SearchAction","target":{"@type":"EntryPoint","urlTemplate":"https:\/\/ordemterceira.com.br\/?s={search_term_string}"},"query-input":{"@type":"PropertyValueSpecification","valueRequired":true,"valueName":"search_term_string"}}],"inLanguage":"en-US"},{"@type":"Organization","@id":"https:\/\/ordemterceira.com.br\/#organization","name":"Ordem Terceira","url":"https:\/\/ordemterceira.com.br\/","logo":{"@type":"ImageObject","inLanguage":"en-US","@id":"https:\/\/ordemterceira.com.br\/#\/schema\/logo\/image\/","url":"https:\/\/ordemterceira.com.br\/wp-content\/uploads\/2023\/10\/Brasao-sem-fundo-150x150-1.png","contentUrl":"https:\/\/ordemterceira.com.br\/wp-content\/uploads\/2023\/10\/Brasao-sem-fundo-150x150-1.png","width":150,"height":150,"caption":"Ordem Terceira"},"image":{"@id":"https:\/\/ordemterceira.com.br\/#\/schema\/logo\/image\/"},"sameAs":["https:\/\/www.instagram.com\/veneravelordem\/","https:\/\/www.youtube.com\/@veneravelordem"]},{"@type":"Person","@id":"https:\/\/ordemterceira.com.br\/#\/schema\/person\/3f761323fe3b257a0c2f1f1f5e8eab70","name":"admin","image":{"@type":"ImageObject","inLanguage":"en-US","@id":"https:\/\/ordemterceira.com.br\/#\/schema\/person\/image\/","url":"https:\/\/secure.gravatar.com\/avatar\/9b8f13302512c0d92ca8b89e7abf6313603deaf0c9d2b236a5178700ee69f295?s=96&d=mm&r=g","contentUrl":"https:\/\/secure.gravatar.com\/avatar\/9b8f13302512c0d92ca8b89e7abf6313603deaf0c9d2b236a5178700ee69f295?s=96&d=mm&r=g","caption":"admin"},"sameAs":["https:\/\/ordemterceira.com.br"],"url":"https:\/\/ordemterceira.com.br\/index.php\/author\/admin\/"}]}},"_links":{"self":[{"href":"https:\/\/ordemterceira.com.br\/index.php\/wp-json\/wp\/v2\/posts\/3025","targetHints":{"allow":["GET"]}}],"collection":[{"href":"https:\/\/ordemterceira.com.br\/index.php\/wp-json\/wp\/v2\/posts"}],"about":[{"href":"https:\/\/ordemterceira.com.br\/index.php\/wp-json\/wp\/v2\/types\/post"}],"author":[{"embeddable":true,"href":"https:\/\/ordemterceira.com.br\/index.php\/wp-json\/wp\/v2\/users\/1"}],"replies":[{"embeddable":true,"href":"https:\/\/ordemterceira.com.br\/index.php\/wp-json\/wp\/v2\/comments?post=3025"}],"version-history":[{"count":4,"href":"https:\/\/ordemterceira.com.br\/index.php\/wp-json\/wp\/v2\/posts\/3025\/revisions"}],"predecessor-version":[{"id":3030,"href":"https:\/\/ordemterceira.com.br\/index.php\/wp-json\/wp\/v2\/posts\/3025\/revisions\/3030"}],"wp:featuredmedia":[{"embeddable":true,"href":"https:\/\/ordemterceira.com.br\/index.php\/wp-json\/wp\/v2\/media\/3026"}],"wp:attachment":[{"href":"https:\/\/ordemterceira.com.br\/index.php\/wp-json\/wp\/v2\/media?parent=3025"}],"wp:term":[{"taxonomy":"category","embeddable":true,"href":"https:\/\/ordemterceira.com.br\/index.php\/wp-json\/wp\/v2\/categories?post=3025"},{"taxonomy":"post_tag","embeddable":true,"href":"https:\/\/ordemterceira.com.br\/index.php\/wp-json\/wp\/v2\/tags?post=3025"}],"curies":[{"name":"wp","href":"https:\/\/api.w.org\/{rel}","templated":true}]}}