{"id":3173,"date":"2026-03-06T07:00:00","date_gmt":"2026-03-06T10:00:00","guid":{"rendered":"https:\/\/ordemterceira.com.br\/?p=3173"},"modified":"2026-03-05T19:12:48","modified_gmt":"2026-03-05T22:12:48","slug":"modo-brevissimo-de-rezar-a-via-sacra-de-sao-leonardo-de-porto-mauricio","status":"publish","type":"post","link":"https:\/\/ordemterceira.com.br\/index.php\/2026\/03\/06\/modo-brevissimo-de-rezar-a-via-sacra-de-sao-leonardo-de-porto-mauricio\/","title":{"rendered":"Modo brev\u00edssimo de rezar a Via Sacra de S\u00e3o Leonardo de Porto Maur\u00edcio"},"content":{"rendered":"\t\t<div data-elementor-type=\"wp-post\" data-elementor-id=\"3173\" class=\"elementor elementor-3173\" data-elementor-post-type=\"post\">\n\t\t\t\t<div class=\"elementor-element elementor-element-53befb66 e-flex e-con-boxed e-con e-parent\" data-id=\"53befb66\" data-element_type=\"container\">\n\t\t\t\t\t<div class=\"e-con-inner\">\n\t\t\t\t<div class=\"elementor-element elementor-element-92a34e8 elementor-widget elementor-widget-text-editor\" data-id=\"92a34e8\" data-element_type=\"widget\" data-widget_type=\"text-editor.default\">\n\t\t\t\t<div class=\"elementor-widget-container\">\n\t\t\t\t\t\t\t\t\t\n<p data-renderer-start-pos=\"74\">\u201cN\u00e3o poucas pessoas deixam de rezar frequentemente a Via Sacra, por faltar-lhes o tempo para longos ora\u00e7\u00f5es e medita\u00e7\u00f5es.<\/p>\n<p data-renderer-start-pos=\"197\">Nestes casos serve o m\u00e9todo breve que \u00e0 vontade pode ser prolongado, acrescentando : Pai Nosso, Ave Maria, Gl\u00f3ria\u201d.<\/p>\n<h2>\u00a0<\/h2>\n<h2 class=\"wp-block-heading\">I. Esta\u00e7\u00e3o<\/h2>\n<p>A morrer crucificado. \u2020 Teu Jesus \u00e9 condenado. \u2020 Por teus crimes, pecador.<\/p>\n<p><strong>Ora\u00e7\u00e3o Jaculat\u00f3ria:\u00a0<\/strong>Meu Jesus, por mim morrestes. Por meus crimes padecestes. Oh! qu\u00e3o grande \u00e9 minha dor!<\/p>\n<p><em>Pai Nosso, Ave Maria, Gl\u00f3ria.<\/em><\/p>\n<h2>\u00a0<\/h2>\n<h2 class=\"wp-block-heading\">II. Esta\u00e7\u00e3o<\/h2>\n<p>Com a cruz \u00e9 carregado. \u2020 E do peso acabrunhado. \u2020 Vai morrer por teu amor.<\/p>\n<p><strong>Ora\u00e7\u00e3o Jaculat\u00f3ria:\u00a0<\/strong>Meu Jesus, por mim morrestes. Por meus crimes padecestes. Oh! qu\u00e3o grande \u00e9 minha dor!<\/p>\n<p><em>Pai Nosso, Ave Maria, Gl\u00f3ria.<\/em><\/p>\n<h2>\u00a0<\/h2>\n<h2 class=\"wp-block-heading\">III. Esta\u00e7\u00e3o<\/h2>\n<p>Com o madeiro oprimido. \u2020 Cai Jesus desfalecido. \u2020 Pela tua salva\u00e7\u00e3o.<\/p>\n<p><strong>Ora\u00e7\u00e3o Jaculat\u00f3ria:\u00a0<\/strong>Meu Jesus, por mim morrestes. Por meus crimes padecestes. Oh! qu\u00e3o grande \u00e9 minha dor!<\/p>\n<p><em>Pai Nosso, Ave Maria, Gl\u00f3ria.<\/em><\/p>\n<h2>\u00a0<\/h2>\n<h2 class=\"wp-block-heading\">IV. Esta\u00e7\u00e3o<\/h2>\n<p>De sua M\u00e3e dolorosa. \u2020 No encontro lastimosa. \u2020 V\u00ea a viva compaix\u00e3o.<\/p>\n<p><strong>Ora\u00e7\u00e3o Jaculat\u00f3ria:\u00a0<\/strong>Meu Jesus, por mim morrestes. Por meus crimes padecestes. Oh! qu\u00e3o grande \u00e9 minha dor!<\/p>\n<p><em>Pai Nosso, Ave Maria, Gl\u00f3ria.<\/em><\/p>\n<h2>\u00a0<\/h2>\n<h2 class=\"wp-block-heading\">V. Esta\u00e7\u00e3o<\/h2>\n<p>Em extremo desmaiado. \u2020 De Sim\u00e3o, obrigado. \u2020 Aceita conforta\u00e7\u00e3o.<\/p>\n<p><strong>Ora\u00e7\u00e3o Jaculat\u00f3ria:\u00a0<\/strong>Meu Jesus, por mim morrestes. Por meus crimes padecestes. Oh! qu\u00e3o grande \u00e9 minha dor!<\/p>\n<p><em>Pai Nosso, Ave Maria, Gl\u00f3ria.<\/em><\/p>\n<h2>\u00a0<\/h2>\n<h2 class=\"wp-block-heading\">VI. Esta\u00e7\u00e3o<\/h2>\n<p>O seu rosto ensanguentado. \u2020 Por Ver\u00f4nica enxugado. \u2020 Contemple\u00admos com amor.<\/p>\n<p><strong>Ora\u00e7\u00e3o Jaculat\u00f3ria:\u00a0<\/strong>Meu Jesus, por mim morrestes. Por meus crimes padecestes. Oh! qu\u00e3o grande \u00e9 minha dor!<\/p>\n<p><em>Pai Nosso, Ave Maria, Gl\u00f3ria.<\/em><\/p>\n<h2>\u00a0<\/h2>\n<h2 class=\"wp-block-heading\">VII. Esta\u00e7\u00e3o<\/h2>\n<p>Outra vez desfalecido, \u2020 Pelo madeiro abatido. \u2020 Cai em terra o Salvador.<\/p>\n<p><strong>Ora\u00e7\u00e3o Jaculat\u00f3ria:\u00a0<\/strong>Meu Jesus, por mim morrestes. Por meus crimes padecestes. Oh! qu\u00e3o grande \u00e9 minha dor!<\/p>\n<p><em>Pai Nosso, Ave Maria, Gl\u00f3ria.<\/em><\/p>\n<h2>\u00a0<\/h2>\n<h2 class=\"wp-block-heading\">VIII. Esta\u00e7\u00e3o<\/h2>\n<p>Das matronas piedosas. \u2020 De Si\u00e3o filhas chorosas. \u2020 Jesus consolador.<\/p>\n<p><strong>Ora\u00e7\u00e3o Jaculat\u00f3ria:\u00a0<\/strong>Meu Jesus, por mim morrestes. Por meus crimes padecestes. Oh! qu\u00e3o grande \u00e9 minha dor!<\/p>\n<p><em>Pai Nosso, Ave Maria, Gl\u00f3ria.<\/em><\/p>\n<h2>\u00a0<\/h2>\n<h2 class=\"wp-block-heading\">IX. Esta\u00e7\u00e3o<\/h2>\n<p>Terceira vez cai prostrado, \u2020 Com tanto peso esmagado. \u2020 Dos pecados e da cruz.<\/p>\n<p><strong>Ora\u00e7\u00e3o Jaculat\u00f3ria:\u00a0<\/strong>Meu Jesus, por mim morrestes. Por meus crimes padecestes. Oh! qu\u00e3o grande \u00e9 minha dor!<\/p>\n<p><em>Pai Nosso, Ave Maria, Gl\u00f3ria.<\/em><\/p>\n<h2>\u00a0<\/h2>\n<h2 class=\"wp-block-heading\">X. Esta\u00e7\u00e3o<\/h2>\n<p>Dos vestidos despojado. \u2020 Todo chagado e pisado. \u2020 Eu vos vejo, meu Jesus!<\/p>\n<p><strong>Ora\u00e7\u00e3o Jaculat\u00f3ria:\u00a0<\/strong>Meu Jesus, por mim morrestes. Por meus crimes padecestes. Oh! qu\u00e3o grande \u00e9 minha dor!<\/p>\n<p><em>Pai Nosso, Ave Maria, Gl\u00f3ria.<\/em><\/p>\n<h2>\u00a0<\/h2>\n<h2 class=\"wp-block-heading\">XI. Esta\u00e7\u00e3o<\/h2>\n<p>Sois por mim na cruz pregado, \u2020 Insultado, blasfemado. \u2020 Com cegueira e com furor.<\/p>\n<p><strong>Ora\u00e7\u00e3o Jaculat\u00f3ria:\u00a0<\/strong>Meu Jesus, por mim morrestes. Por meus crimes padecestes. Oh! qu\u00e3o grande \u00e9 minha dor!<\/p>\n<p><em>Pai Nosso, Ave Maria, Gl\u00f3ria.<\/em><\/p>\n<h2>\u00a0<\/h2>\n<h2 class=\"wp-block-heading\">XII. Esta\u00e7\u00e3o<\/h2>\n<p>Vosso sangue derramado. \u2020 Vosso lado traspassado. \u2020 Me valham, \u00f3 meu Jesus!<\/p>\n<p><strong>Ora\u00e7\u00e3o Jaculat\u00f3ria:\u00a0<\/strong>Meu Jesus, por mim morrestes. Por meus crimes padecestes. Oh! qu\u00e3o grande \u00e9 minha dor!<\/p>\n<p><em>Pai Nosso, Ave Maria, Gl\u00f3ria.<\/em><\/p>\n<h2>\u00a0<\/h2>\n<h2 class=\"wp-block-heading\">XIII. Esta\u00e7\u00e3o<\/h2>\n<p>Da cruz dura vos tiraram. \u2020 E \u00e0 M\u00e3e vos entregaram, \u2020 Com que dor e compaix\u00e3o!<\/p>\n<p><strong>Ora\u00e7\u00e3o Jaculat\u00f3ria:\u00a0<\/strong>Meu Jesus, por mim morrestes. Por meus crimes padecestes. Oh! qu\u00e3o grande \u00e9 minha dor!<\/p>\n<p><em>Pai Nosso, Ave Maria, Gl\u00f3ria.<\/em><\/p>\n<h2>\u00a0<\/h2>\n<h2 class=\"wp-block-heading\">XIV. Esta\u00e7\u00e3o<\/h2>\n<p>No sepulcro vos deixaram, \u2020 Sepultado vos choraram, \u2020 Magoado o cora\u00e7\u00e3o.<\/p>\n<p><strong>Ora\u00e7\u00e3o Jaculat\u00f3ria:\u00a0<\/strong>Meu Jesus, por mim morrestes. Por meus crimes padecestes. Oh! qu\u00e3o grande \u00e9 minha dor!<\/p>\n<p><em>Pai Nosso, Ave Maria, Gl\u00f3ria.<\/em><\/p>\n<p data-renderer-start-pos=\"197\">\u00a0<\/p>\n<p data-renderer-start-pos=\"314\"><em>Orai \u2013 Manual Completo de Ora\u00e7\u00f5es e Instru\u00e7\u00f5es Religiosas,\u00a0Padre Jo\u00e3o Batista R\u00ebus,\u00a01934.<\/em><\/p>\n\t\t\t\t\t\t\t\t<\/div>\n\t\t\t\t<\/div>\n\t\t\t\t\t<\/div>\n\t\t\t\t<\/div>\n\t\t\t\t<\/div>\n\t\t","protected":false},"excerpt":{"rendered":"<p>\u201cN\u00e3o poucas pessoas deixam de rezar frequentemente a Via Sacra, por faltar-lhes o tempo para longos ora\u00e7\u00f5es e medita\u00e7\u00f5es. Nestes casos serve o m\u00e9todo breve que \u00e0 vontade pode ser prolongado, acrescentando : Pai Nosso, Ave Maria, Gl\u00f3ria\u201d. \u00a0 I. Esta\u00e7\u00e3o A morrer crucificado. \u2020 Teu Jesus \u00e9 condenado. \u2020 Por teus crimes, pecador. Ora\u00e7\u00e3o [&hellip;]<\/p>\n","protected":false},"author":1,"featured_media":3174,"comment_status":"open","ping_status":"open","sticky":false,"template":"","format":"standard","meta":{"footnotes":""},"categories":[1],"tags":[],"class_list":["post-3173","post","type-post","status-publish","format-standard","has-post-thumbnail","hentry","category-blog"],"yoast_head":"<!-- This site is optimized with the Yoast SEO plugin v25.7 - https:\/\/yoast.com\/wordpress\/plugins\/seo\/ -->\n<title>Modo brev\u00edssimo de rezar a Via Sacra de S\u00e3o Leonardo de Porto Maur\u00edcio - Ordem Terceira<\/title>\n<meta name=\"robots\" content=\"index, follow, max-snippet:-1, max-image-preview:large, max-video-preview:-1\" \/>\n<link rel=\"canonical\" href=\"https:\/\/ordemterceira.com.br\/index.php\/2026\/03\/06\/modo-brevissimo-de-rezar-a-via-sacra-de-sao-leonardo-de-porto-mauricio\/\" \/>\n<meta property=\"og:locale\" content=\"en_US\" \/>\n<meta property=\"og:type\" content=\"article\" \/>\n<meta property=\"og:title\" content=\"Modo brev\u00edssimo de rezar a Via Sacra de S\u00e3o Leonardo de Porto Maur\u00edcio - Ordem Terceira\" \/>\n<meta property=\"og:description\" content=\"\u201cN\u00e3o poucas pessoas deixam de rezar frequentemente a Via Sacra, por faltar-lhes o tempo para longos ora\u00e7\u00f5es e medita\u00e7\u00f5es. Nestes casos serve o m\u00e9todo breve que \u00e0 vontade pode ser prolongado, acrescentando : Pai Nosso, Ave Maria, Gl\u00f3ria\u201d. \u00a0 I. Esta\u00e7\u00e3o A morrer crucificado. \u2020 Teu Jesus \u00e9 condenado. \u2020 Por teus crimes, pecador. Ora\u00e7\u00e3o [&hellip;]\" \/>\n<meta property=\"og:url\" content=\"https:\/\/ordemterceira.com.br\/index.php\/2026\/03\/06\/modo-brevissimo-de-rezar-a-via-sacra-de-sao-leonardo-de-porto-mauricio\/\" \/>\n<meta property=\"og:site_name\" content=\"Ordem Terceira\" \/>\n<meta property=\"article:published_time\" content=\"2026-03-06T10:00:00+00:00\" \/>\n<meta property=\"og:image\" content=\"https:\/\/ordemterceira.com.br\/wp-content\/uploads\/2026\/03\/Modo-brevissimo-de-rezar-a-Via-Sacra-de-Sao-Leonardo-de-Porto-Mauricio.png\" \/>\n\t<meta property=\"og:image:width\" content=\"1080\" \/>\n\t<meta property=\"og:image:height\" content=\"1350\" \/>\n\t<meta property=\"og:image:type\" content=\"image\/png\" \/>\n<meta name=\"author\" content=\"admin\" \/>\n<meta name=\"twitter:card\" content=\"summary_large_image\" \/>\n<meta name=\"twitter:label1\" content=\"Written by\" \/>\n\t<meta name=\"twitter:data1\" content=\"admin\" \/>\n\t<meta name=\"twitter:label2\" content=\"Est. reading time\" \/>\n\t<meta name=\"twitter:data2\" content=\"3 minutes\" \/>\n<script type=\"application\/ld+json\" class=\"yoast-schema-graph\">{\"@context\":\"https:\/\/schema.org\",\"@graph\":[{\"@type\":\"Article\",\"@id\":\"https:\/\/ordemterceira.com.br\/index.php\/2026\/03\/06\/modo-brevissimo-de-rezar-a-via-sacra-de-sao-leonardo-de-porto-mauricio\/#article\",\"isPartOf\":{\"@id\":\"https:\/\/ordemterceira.com.br\/index.php\/2026\/03\/06\/modo-brevissimo-de-rezar-a-via-sacra-de-sao-leonardo-de-porto-mauricio\/\"},\"author\":{\"name\":\"admin\",\"@id\":\"https:\/\/ordemterceira.com.br\/#\/schema\/person\/3f761323fe3b257a0c2f1f1f5e8eab70\"},\"headline\":\"Modo brev\u00edssimo de rezar a Via Sacra de S\u00e3o Leonardo de Porto Maur\u00edcio\",\"datePublished\":\"2026-03-06T10:00:00+00:00\",\"mainEntityOfPage\":{\"@id\":\"https:\/\/ordemterceira.com.br\/index.php\/2026\/03\/06\/modo-brevissimo-de-rezar-a-via-sacra-de-sao-leonardo-de-porto-mauricio\/\"},\"wordCount\":630,\"commentCount\":0,\"publisher\":{\"@id\":\"https:\/\/ordemterceira.com.br\/#organization\"},\"image\":{\"@id\":\"https:\/\/ordemterceira.com.br\/index.php\/2026\/03\/06\/modo-brevissimo-de-rezar-a-via-sacra-de-sao-leonardo-de-porto-mauricio\/#primaryimage\"},\"thumbnailUrl\":\"https:\/\/ordemterceira.com.br\/wp-content\/uploads\/2026\/03\/Modo-brevissimo-de-rezar-a-Via-Sacra-de-Sao-Leonardo-de-Porto-Mauricio.png\",\"articleSection\":[\"Blog\"],\"inLanguage\":\"en-US\",\"potentialAction\":[{\"@type\":\"CommentAction\",\"name\":\"Comment\",\"target\":[\"https:\/\/ordemterceira.com.br\/index.php\/2026\/03\/06\/modo-brevissimo-de-rezar-a-via-sacra-de-sao-leonardo-de-porto-mauricio\/#respond\"]}]},{\"@type\":\"WebPage\",\"@id\":\"https:\/\/ordemterceira.com.br\/index.php\/2026\/03\/06\/modo-brevissimo-de-rezar-a-via-sacra-de-sao-leonardo-de-porto-mauricio\/\",\"url\":\"https:\/\/ordemterceira.com.br\/index.php\/2026\/03\/06\/modo-brevissimo-de-rezar-a-via-sacra-de-sao-leonardo-de-porto-mauricio\/\",\"name\":\"Modo brev\u00edssimo de rezar a Via Sacra de S\u00e3o Leonardo de Porto Maur\u00edcio - Ordem Terceira\",\"isPartOf\":{\"@id\":\"https:\/\/ordemterceira.com.br\/#website\"},\"primaryImageOfPage\":{\"@id\":\"https:\/\/ordemterceira.com.br\/index.php\/2026\/03\/06\/modo-brevissimo-de-rezar-a-via-sacra-de-sao-leonardo-de-porto-mauricio\/#primaryimage\"},\"image\":{\"@id\":\"https:\/\/ordemterceira.com.br\/index.php\/2026\/03\/06\/modo-brevissimo-de-rezar-a-via-sacra-de-sao-leonardo-de-porto-mauricio\/#primaryimage\"},\"thumbnailUrl\":\"https:\/\/ordemterceira.com.br\/wp-content\/uploads\/2026\/03\/Modo-brevissimo-de-rezar-a-Via-Sacra-de-Sao-Leonardo-de-Porto-Mauricio.png\",\"datePublished\":\"2026-03-06T10:00:00+00:00\",\"breadcrumb\":{\"@id\":\"https:\/\/ordemterceira.com.br\/index.php\/2026\/03\/06\/modo-brevissimo-de-rezar-a-via-sacra-de-sao-leonardo-de-porto-mauricio\/#breadcrumb\"},\"inLanguage\":\"en-US\",\"potentialAction\":[{\"@type\":\"ReadAction\",\"target\":[\"https:\/\/ordemterceira.com.br\/index.php\/2026\/03\/06\/modo-brevissimo-de-rezar-a-via-sacra-de-sao-leonardo-de-porto-mauricio\/\"]}]},{\"@type\":\"ImageObject\",\"inLanguage\":\"en-US\",\"@id\":\"https:\/\/ordemterceira.com.br\/index.php\/2026\/03\/06\/modo-brevissimo-de-rezar-a-via-sacra-de-sao-leonardo-de-porto-mauricio\/#primaryimage\",\"url\":\"https:\/\/ordemterceira.com.br\/wp-content\/uploads\/2026\/03\/Modo-brevissimo-de-rezar-a-Via-Sacra-de-Sao-Leonardo-de-Porto-Mauricio.png\",\"contentUrl\":\"https:\/\/ordemterceira.com.br\/wp-content\/uploads\/2026\/03\/Modo-brevissimo-de-rezar-a-Via-Sacra-de-Sao-Leonardo-de-Porto-Mauricio.png\",\"width\":1080,\"height\":1350},{\"@type\":\"BreadcrumbList\",\"@id\":\"https:\/\/ordemterceira.com.br\/index.php\/2026\/03\/06\/modo-brevissimo-de-rezar-a-via-sacra-de-sao-leonardo-de-porto-mauricio\/#breadcrumb\",\"itemListElement\":[{\"@type\":\"ListItem\",\"position\":1,\"name\":\"In\u00edcio\",\"item\":\"https:\/\/ordemterceira.com.br\/\"},{\"@type\":\"ListItem\",\"position\":2,\"name\":\"Modo brev\u00edssimo de rezar a Via Sacra de S\u00e3o Leonardo de Porto Maur\u00edcio\"}]},{\"@type\":\"WebSite\",\"@id\":\"https:\/\/ordemterceira.com.br\/#website\",\"url\":\"https:\/\/ordemterceira.com.br\/\",\"name\":\"Ordem Terceira\",\"description\":\"\",\"publisher\":{\"@id\":\"https:\/\/ordemterceira.com.br\/#organization\"},\"potentialAction\":[{\"@type\":\"SearchAction\",\"target\":{\"@type\":\"EntryPoint\",\"urlTemplate\":\"https:\/\/ordemterceira.com.br\/?s={search_term_string}\"},\"query-input\":{\"@type\":\"PropertyValueSpecification\",\"valueRequired\":true,\"valueName\":\"search_term_string\"}}],\"inLanguage\":\"en-US\"},{\"@type\":\"Organization\",\"@id\":\"https:\/\/ordemterceira.com.br\/#organization\",\"name\":\"Ordem Terceira\",\"url\":\"https:\/\/ordemterceira.com.br\/\",\"logo\":{\"@type\":\"ImageObject\",\"inLanguage\":\"en-US\",\"@id\":\"https:\/\/ordemterceira.com.br\/#\/schema\/logo\/image\/\",\"url\":\"https:\/\/ordemterceira.com.br\/wp-content\/uploads\/2023\/10\/Brasao-sem-fundo-150x150-1.png\",\"contentUrl\":\"https:\/\/ordemterceira.com.br\/wp-content\/uploads\/2023\/10\/Brasao-sem-fundo-150x150-1.png\",\"width\":150,\"height\":150,\"caption\":\"Ordem Terceira\"},\"image\":{\"@id\":\"https:\/\/ordemterceira.com.br\/#\/schema\/logo\/image\/\"},\"sameAs\":[\"https:\/\/www.instagram.com\/veneravelordem\/\",\"https:\/\/www.youtube.com\/@veneravelordem\"]},{\"@type\":\"Person\",\"@id\":\"https:\/\/ordemterceira.com.br\/#\/schema\/person\/3f761323fe3b257a0c2f1f1f5e8eab70\",\"name\":\"admin\",\"image\":{\"@type\":\"ImageObject\",\"inLanguage\":\"en-US\",\"@id\":\"https:\/\/ordemterceira.com.br\/#\/schema\/person\/image\/\",\"url\":\"https:\/\/secure.gravatar.com\/avatar\/9b8f13302512c0d92ca8b89e7abf6313603deaf0c9d2b236a5178700ee69f295?s=96&d=mm&r=g\",\"contentUrl\":\"https:\/\/secure.gravatar.com\/avatar\/9b8f13302512c0d92ca8b89e7abf6313603deaf0c9d2b236a5178700ee69f295?s=96&d=mm&r=g\",\"caption\":\"admin\"},\"sameAs\":[\"https:\/\/ordemterceira.com.br\"],\"url\":\"https:\/\/ordemterceira.com.br\/index.php\/author\/admin\/\"}]}<\/script>\n<!-- \/ Yoast SEO plugin. -->","yoast_head_json":{"title":"Modo brev\u00edssimo de rezar a Via Sacra de S\u00e3o Leonardo de Porto Maur\u00edcio - Ordem Terceira","robots":{"index":"index","follow":"follow","max-snippet":"max-snippet:-1","max-image-preview":"max-image-preview:large","max-video-preview":"max-video-preview:-1"},"canonical":"https:\/\/ordemterceira.com.br\/index.php\/2026\/03\/06\/modo-brevissimo-de-rezar-a-via-sacra-de-sao-leonardo-de-porto-mauricio\/","og_locale":"en_US","og_type":"article","og_title":"Modo brev\u00edssimo de rezar a Via Sacra de S\u00e3o Leonardo de Porto Maur\u00edcio - Ordem Terceira","og_description":"\u201cN\u00e3o poucas pessoas deixam de rezar frequentemente a Via Sacra, por faltar-lhes o tempo para longos ora\u00e7\u00f5es e medita\u00e7\u00f5es. Nestes casos serve o m\u00e9todo breve que \u00e0 vontade pode ser prolongado, acrescentando : Pai Nosso, Ave Maria, Gl\u00f3ria\u201d. \u00a0 I. Esta\u00e7\u00e3o A morrer crucificado. \u2020 Teu Jesus \u00e9 condenado. \u2020 Por teus crimes, pecador. Ora\u00e7\u00e3o [&hellip;]","og_url":"https:\/\/ordemterceira.com.br\/index.php\/2026\/03\/06\/modo-brevissimo-de-rezar-a-via-sacra-de-sao-leonardo-de-porto-mauricio\/","og_site_name":"Ordem Terceira","article_published_time":"2026-03-06T10:00:00+00:00","og_image":[{"width":1080,"height":1350,"url":"https:\/\/ordemterceira.com.br\/wp-content\/uploads\/2026\/03\/Modo-brevissimo-de-rezar-a-Via-Sacra-de-Sao-Leonardo-de-Porto-Mauricio.png","type":"image\/png"}],"author":"admin","twitter_card":"summary_large_image","twitter_misc":{"Written by":"admin","Est. reading time":"3 minutes"},"schema":{"@context":"https:\/\/schema.org","@graph":[{"@type":"Article","@id":"https:\/\/ordemterceira.com.br\/index.php\/2026\/03\/06\/modo-brevissimo-de-rezar-a-via-sacra-de-sao-leonardo-de-porto-mauricio\/#article","isPartOf":{"@id":"https:\/\/ordemterceira.com.br\/index.php\/2026\/03\/06\/modo-brevissimo-de-rezar-a-via-sacra-de-sao-leonardo-de-porto-mauricio\/"},"author":{"name":"admin","@id":"https:\/\/ordemterceira.com.br\/#\/schema\/person\/3f761323fe3b257a0c2f1f1f5e8eab70"},"headline":"Modo brev\u00edssimo de rezar a Via Sacra de S\u00e3o Leonardo de Porto Maur\u00edcio","datePublished":"2026-03-06T10:00:00+00:00","mainEntityOfPage":{"@id":"https:\/\/ordemterceira.com.br\/index.php\/2026\/03\/06\/modo-brevissimo-de-rezar-a-via-sacra-de-sao-leonardo-de-porto-mauricio\/"},"wordCount":630,"commentCount":0,"publisher":{"@id":"https:\/\/ordemterceira.com.br\/#organization"},"image":{"@id":"https:\/\/ordemterceira.com.br\/index.php\/2026\/03\/06\/modo-brevissimo-de-rezar-a-via-sacra-de-sao-leonardo-de-porto-mauricio\/#primaryimage"},"thumbnailUrl":"https:\/\/ordemterceira.com.br\/wp-content\/uploads\/2026\/03\/Modo-brevissimo-de-rezar-a-Via-Sacra-de-Sao-Leonardo-de-Porto-Mauricio.png","articleSection":["Blog"],"inLanguage":"en-US","potentialAction":[{"@type":"CommentAction","name":"Comment","target":["https:\/\/ordemterceira.com.br\/index.php\/2026\/03\/06\/modo-brevissimo-de-rezar-a-via-sacra-de-sao-leonardo-de-porto-mauricio\/#respond"]}]},{"@type":"WebPage","@id":"https:\/\/ordemterceira.com.br\/index.php\/2026\/03\/06\/modo-brevissimo-de-rezar-a-via-sacra-de-sao-leonardo-de-porto-mauricio\/","url":"https:\/\/ordemterceira.com.br\/index.php\/2026\/03\/06\/modo-brevissimo-de-rezar-a-via-sacra-de-sao-leonardo-de-porto-mauricio\/","name":"Modo brev\u00edssimo de rezar a Via Sacra de S\u00e3o Leonardo de Porto Maur\u00edcio - Ordem Terceira","isPartOf":{"@id":"https:\/\/ordemterceira.com.br\/#website"},"primaryImageOfPage":{"@id":"https:\/\/ordemterceira.com.br\/index.php\/2026\/03\/06\/modo-brevissimo-de-rezar-a-via-sacra-de-sao-leonardo-de-porto-mauricio\/#primaryimage"},"image":{"@id":"https:\/\/ordemterceira.com.br\/index.php\/2026\/03\/06\/modo-brevissimo-de-rezar-a-via-sacra-de-sao-leonardo-de-porto-mauricio\/#primaryimage"},"thumbnailUrl":"https:\/\/ordemterceira.com.br\/wp-content\/uploads\/2026\/03\/Modo-brevissimo-de-rezar-a-Via-Sacra-de-Sao-Leonardo-de-Porto-Mauricio.png","datePublished":"2026-03-06T10:00:00+00:00","breadcrumb":{"@id":"https:\/\/ordemterceira.com.br\/index.php\/2026\/03\/06\/modo-brevissimo-de-rezar-a-via-sacra-de-sao-leonardo-de-porto-mauricio\/#breadcrumb"},"inLanguage":"en-US","potentialAction":[{"@type":"ReadAction","target":["https:\/\/ordemterceira.com.br\/index.php\/2026\/03\/06\/modo-brevissimo-de-rezar-a-via-sacra-de-sao-leonardo-de-porto-mauricio\/"]}]},{"@type":"ImageObject","inLanguage":"en-US","@id":"https:\/\/ordemterceira.com.br\/index.php\/2026\/03\/06\/modo-brevissimo-de-rezar-a-via-sacra-de-sao-leonardo-de-porto-mauricio\/#primaryimage","url":"https:\/\/ordemterceira.com.br\/wp-content\/uploads\/2026\/03\/Modo-brevissimo-de-rezar-a-Via-Sacra-de-Sao-Leonardo-de-Porto-Mauricio.png","contentUrl":"https:\/\/ordemterceira.com.br\/wp-content\/uploads\/2026\/03\/Modo-brevissimo-de-rezar-a-Via-Sacra-de-Sao-Leonardo-de-Porto-Mauricio.png","width":1080,"height":1350},{"@type":"BreadcrumbList","@id":"https:\/\/ordemterceira.com.br\/index.php\/2026\/03\/06\/modo-brevissimo-de-rezar-a-via-sacra-de-sao-leonardo-de-porto-mauricio\/#breadcrumb","itemListElement":[{"@type":"ListItem","position":1,"name":"In\u00edcio","item":"https:\/\/ordemterceira.com.br\/"},{"@type":"ListItem","position":2,"name":"Modo brev\u00edssimo de rezar a Via Sacra de S\u00e3o Leonardo de Porto Maur\u00edcio"}]},{"@type":"WebSite","@id":"https:\/\/ordemterceira.com.br\/#website","url":"https:\/\/ordemterceira.com.br\/","name":"Ordem Terceira","description":"","publisher":{"@id":"https:\/\/ordemterceira.com.br\/#organization"},"potentialAction":[{"@type":"SearchAction","target":{"@type":"EntryPoint","urlTemplate":"https:\/\/ordemterceira.com.br\/?s={search_term_string}"},"query-input":{"@type":"PropertyValueSpecification","valueRequired":true,"valueName":"search_term_string"}}],"inLanguage":"en-US"},{"@type":"Organization","@id":"https:\/\/ordemterceira.com.br\/#organization","name":"Ordem Terceira","url":"https:\/\/ordemterceira.com.br\/","logo":{"@type":"ImageObject","inLanguage":"en-US","@id":"https:\/\/ordemterceira.com.br\/#\/schema\/logo\/image\/","url":"https:\/\/ordemterceira.com.br\/wp-content\/uploads\/2023\/10\/Brasao-sem-fundo-150x150-1.png","contentUrl":"https:\/\/ordemterceira.com.br\/wp-content\/uploads\/2023\/10\/Brasao-sem-fundo-150x150-1.png","width":150,"height":150,"caption":"Ordem Terceira"},"image":{"@id":"https:\/\/ordemterceira.com.br\/#\/schema\/logo\/image\/"},"sameAs":["https:\/\/www.instagram.com\/veneravelordem\/","https:\/\/www.youtube.com\/@veneravelordem"]},{"@type":"Person","@id":"https:\/\/ordemterceira.com.br\/#\/schema\/person\/3f761323fe3b257a0c2f1f1f5e8eab70","name":"admin","image":{"@type":"ImageObject","inLanguage":"en-US","@id":"https:\/\/ordemterceira.com.br\/#\/schema\/person\/image\/","url":"https:\/\/secure.gravatar.com\/avatar\/9b8f13302512c0d92ca8b89e7abf6313603deaf0c9d2b236a5178700ee69f295?s=96&d=mm&r=g","contentUrl":"https:\/\/secure.gravatar.com\/avatar\/9b8f13302512c0d92ca8b89e7abf6313603deaf0c9d2b236a5178700ee69f295?s=96&d=mm&r=g","caption":"admin"},"sameAs":["https:\/\/ordemterceira.com.br"],"url":"https:\/\/ordemterceira.com.br\/index.php\/author\/admin\/"}]}},"_links":{"self":[{"href":"https:\/\/ordemterceira.com.br\/index.php\/wp-json\/wp\/v2\/posts\/3173","targetHints":{"allow":["GET"]}}],"collection":[{"href":"https:\/\/ordemterceira.com.br\/index.php\/wp-json\/wp\/v2\/posts"}],"about":[{"href":"https:\/\/ordemterceira.com.br\/index.php\/wp-json\/wp\/v2\/types\/post"}],"author":[{"embeddable":true,"href":"https:\/\/ordemterceira.com.br\/index.php\/wp-json\/wp\/v2\/users\/1"}],"replies":[{"embeddable":true,"href":"https:\/\/ordemterceira.com.br\/index.php\/wp-json\/wp\/v2\/comments?post=3173"}],"version-history":[{"count":4,"href":"https:\/\/ordemterceira.com.br\/index.php\/wp-json\/wp\/v2\/posts\/3173\/revisions"}],"predecessor-version":[{"id":3178,"href":"https:\/\/ordemterceira.com.br\/index.php\/wp-json\/wp\/v2\/posts\/3173\/revisions\/3178"}],"wp:featuredmedia":[{"embeddable":true,"href":"https:\/\/ordemterceira.com.br\/index.php\/wp-json\/wp\/v2\/media\/3174"}],"wp:attachment":[{"href":"https:\/\/ordemterceira.com.br\/index.php\/wp-json\/wp\/v2\/media?parent=3173"}],"wp:term":[{"taxonomy":"category","embeddable":true,"href":"https:\/\/ordemterceira.com.br\/index.php\/wp-json\/wp\/v2\/categories?post=3173"},{"taxonomy":"post_tag","embeddable":true,"href":"https:\/\/ordemterceira.com.br\/index.php\/wp-json\/wp\/v2\/tags?post=3173"}],"curies":[{"name":"wp","href":"https:\/\/api.w.org\/{rel}","templated":true}]}}