{"id":3185,"date":"2026-03-10T05:00:00","date_gmt":"2026-03-10T08:00:00","guid":{"rendered":"https:\/\/ordemterceira.com.br\/?p=3185"},"modified":"2026-03-09T19:20:16","modified_gmt":"2026-03-09T22:20:16","slug":"novena-tradicional-em-honra-de-sao-jose","status":"publish","type":"post","link":"https:\/\/ordemterceira.com.br\/index.php\/2026\/03\/10\/novena-tradicional-em-honra-de-sao-jose\/","title":{"rendered":"Novena tradicional em honra de S\u00e3o Jos\u00e9"},"content":{"rendered":"\t\t<div data-elementor-type=\"wp-post\" data-elementor-id=\"3185\" class=\"elementor elementor-3185\" data-elementor-post-type=\"post\">\n\t\t\t\t<div class=\"elementor-element elementor-element-5cd7c959 e-flex e-con-boxed e-con e-parent\" data-id=\"5cd7c959\" data-element_type=\"container\">\n\t\t\t\t\t<div class=\"e-con-inner\">\n\t\t\t\t<div class=\"elementor-element elementor-element-30517736 elementor-widget elementor-widget-text-editor\" data-id=\"30517736\" data-element_type=\"widget\" data-widget_type=\"text-editor.default\">\n\t\t\t\t<div class=\"elementor-widget-container\">\n\t\t\t\t\t\t\t\t\t\n<p><span style=\"font-weight: 400;\">Esta novena em honra a S\u00e3o Jos\u00e9 inicia-se no dia 10 e vai at\u00e9 18 de mar\u00e7o, em prepara\u00e7\u00e3o para a sua solenidade; ou, para a festa de S\u00e3o Jos\u00e9 Oper\u00e1rio, do dia 22 ao 30 de abril. Tamb\u00e9m pode ser feita em qualquer \u00e9poca do ano.<\/span><\/p>\n<p><strong>Santa Teresa de \u00c1vila recomenda que tenhamos grande devo\u00e7\u00e3o ao Padroeiro da Igreja Universal:<\/strong><\/p>\n<p><i><span style=\"font-weight: 400;\">\u201cN\u00e3o me lembro de at\u00e9 hoje lhe ter pedido alguma coisa que n\u00e3o me tenha concedido, nem posso pensar sem admira\u00e7\u00e3o nas gra\u00e7as que Deus me tem concedido por sua intercess\u00e3o e nos perigos de que me tem livrado, tanto para a alma como para o corpo. Parece-me que Deus concede aos outros santos a gra\u00e7a de nos auxiliar nesta ou naquela necessidade, mas sei por experi\u00eancia que S\u00e3o Jos\u00e9 nos socorre em todas, como se Nosso Senhor quisesse fazer-nos compreender que, assim como Ele lhe era submisso na terra, porque estava no lugar de pai e como tal era chamado, tamb\u00e9m no c\u00e9u n\u00e3o pode recusar-lhe nada\u201d.<\/span><\/i><\/p>\n<p>\u00a0<\/p>\n<h2><b>Primeiro Dia &#8211; S\u00e3o Jos\u00e9, Pai Nutr\u00edcio de Jesus<\/b><\/h2>\n<p><span style=\"font-weight: 400;\">Amabil\u00edssimo S\u00e3o Jos\u00e9, que tivestes a honra de alimentar, educar e abra\u00e7ar o Messias, a quem tantos profetas e reis desejaram ver e n\u00e3o viram, obtende-me, com o perd\u00e3o das minhas culpas, a gra\u00e7a da ora\u00e7\u00e3o humilde e confiante que tudo alcan\u00e7a de Deus. Acolhei com bondade paternal os pedidos que vos fa\u00e7o nesta novena e apresentai-os a Jesus, que se dignou obedecer-vos na terra. Am\u00e9m.<\/span><\/p>\n<p><span style=\"font-weight: 400;\">V\/. Rogai por n\u00f3s, S\u00e3o Jos\u00e9, pai nutr\u00edcio de Jesus.<\/span><span style=\"font-weight: 400;\"><br \/><\/span><span style=\"font-weight: 400;\">R\/. Para que sejamos dignos das promessas de Cristo.<\/span><\/p>\n<p><span style=\"font-weight: 400;\">Oremos. \u00d3 Deus, que por uma inef\u00e1vel Provid\u00eancia Vos dignastes escolher o bem-aventurado S\u00e3o Jos\u00e9 para Esposo de vossa M\u00e3e Sant\u00edssima, concedei-nos que aquele mesmo que na terra veneramos como protetor, mere\u00e7amos t\u00ea-lo no c\u00e9u por nosso intercessor. V\u00f3s que viveis e reinais por todos os s\u00e9culos dos s\u00e9culos. Am\u00e9m.<\/span><\/p>\n<h2>\u00a0<\/h2>\n<h2><b>Segundo Dia &#8211; S\u00e3o Jos\u00e9, Esposo da Virgem Maria<\/b><\/h2>\n<p><span style=\"font-weight: 400;\">S\u00e3o Jos\u00e9, cast\u00edssimo Esposo da M\u00e3e de Deus e guarda fiel da sua virgindade, obtende-me, por Maria, a pureza do corpo e da alma e a vit\u00f3ria em todas as tenta\u00e7\u00f5es e dificuldades. Recomendo-vos tamb\u00e9m os esposos crist\u00e3os, para que, unidos com sincero amor e fortalecidos pela gra\u00e7a, amparem-se mutuamente nos sofrimentos e tribula\u00e7\u00f5es da vida. Am\u00e9m.<\/span><\/p>\n<p><span style=\"font-weight: 400;\">V\/. Rogai por n\u00f3s, S\u00e3o Jos\u00e9, esposo da M\u00e3e de Deus.<\/span><span style=\"font-weight: 400;\"><br \/><\/span><span style=\"font-weight: 400;\">R\/. Para que sejamos dignos das promessas de Cristo.<\/span><\/p>\n<p><span style=\"font-weight: 400;\">Oremos. \u00d3 Deus, que por uma inef\u00e1vel Provid\u00eancia Vos dignastes escolher o bem-aventurado S\u00e3o Jos\u00e9 para Esposo de vossa M\u00e3e Sant\u00edssima, concedei-nos que aquele mesmo que na terra veneramos como protetor, mere\u00e7amos t\u00ea-lo no c\u00e9u por nosso intercessor. V\u00f3s que viveis e reinais por todos os s\u00e9culos dos s\u00e9culos. Am\u00e9m.<\/span><\/p>\n<h2>\u00a0<\/h2>\n<h2><b>Terceiro Dia &#8211; S\u00e3o Jos\u00e9, Chefe da Sagrada Fam\u00edlia<\/b><\/h2>\n<p><span style=\"font-weight: 400;\">Glorioso S\u00e3o Jos\u00e9, que gozastes durante tantos anos da presen\u00e7a e filial afei\u00e7\u00e3o de Jesus, a quem tivestes a dita de alimentar e vestir, juntamente com vossa Sant\u00edssima Esposa, eu vos suplico me alcanceis o dom inef\u00e1vel de sempre viver em uni\u00e3o com Deus pela gra\u00e7a santificante. Obtende tamb\u00e9m para os pais crist\u00e3os a gra\u00e7a do fiel cumprimento de seus graves deveres de educadores e, aos filhos, o respeito e a obedi\u00eancia, segundo o exemplo do Menino Jesus. Am\u00e9m.<\/span><\/p>\n<p><span style=\"font-weight: 400;\">V\/. Rogai por n\u00f3s, S\u00e3o Jos\u00e9, chefe da Sagrada Fam\u00edlia.<\/span><span style=\"font-weight: 400;\"><br \/><\/span><span style=\"font-weight: 400;\">R\/. Para que sejamos dignos das promessas de Cristo.<\/span><\/p>\n<p><span style=\"font-weight: 400;\">Oremos. \u00d3 Deus, que por uma inef\u00e1vel Provid\u00eancia Vos dignastes escolher o bem-aventurado S\u00e3o Jos\u00e9 para Esposo de vossa M\u00e3e Sant\u00edssima, concedei-nos que aquele mesmo que na terra veneramos como protetor, mere\u00e7amos t\u00ea-lo no c\u00e9u por nosso intercessor. V\u00f3s que viveis e reinais por todos os s\u00e9culos dos s\u00e9culos. Am\u00e9m.<\/span><\/p>\n<p>\u00a0<\/p>\n<h2><b>Quarto Dia &#8211; S\u00e3o Jos\u00e9, Exemplo de Fidelidade<\/b><\/h2>\n<p><span style=\"font-weight: 400;\">Fidel\u00edssimo S\u00e3o Jos\u00e9, que nos destes t\u00e3o belo exemplo no fiel cumprimento de vossos deveres de protetor da Sant\u00edssima Virgem e de pai nutr\u00edcio do Redentor, rogo-vos me obtenhais a gra\u00e7a de imitar o vosso exemplo na fidelidade a todos os deveres do meu estado de vida. Ajudai-me a ser fiel nas coisas pequenas, para o ser tamb\u00e9m nas grandes. Alcan\u00e7ai essa mesma gra\u00e7a para todos os que me s\u00e3o caros nesta vida, a fim de chegarmos a gozar no c\u00e9u o pr\u00eamio prometido aos que forem fi\u00e9is at\u00e9 a morte. Am\u00e9m.<\/span><\/p>\n<p><span style=\"font-weight: 400;\">V\/. Rogai por n\u00f3s, S\u00e3o Jos\u00e9, exemplo de fidelidade.<\/span><span style=\"font-weight: 400;\"><br \/><\/span><span style=\"font-weight: 400;\">R\/. Para que sejamos dignos das promessas de Cristo.<\/span><\/p>\n<p><span style=\"font-weight: 400;\">Oremos. \u00d3 Deus, que por uma inef\u00e1vel Provid\u00eancia Vos dignastes escolher o bem-aventurado S\u00e3o Jos\u00e9 para Esposo de vossa M\u00e3e Sant\u00edssima, concedei-nos que aquele mesmo que na terra veneramos como protetor, mere\u00e7amos t\u00ea-lo no c\u00e9u por nosso intercessor. V\u00f3s que viveis e reinais por todos os s\u00e9culos dos s\u00e9culos. Am\u00e9m.<\/span><\/p>\n<h2>\u00a0<\/h2>\n<h2><b>Quinto Dia &#8211; S\u00e3o Jos\u00e9, Espelho de Paci\u00eancia<\/b><\/h2>\n<p><span style=\"font-weight: 400;\">Bondoso S\u00e3o Jos\u00e9, que suportastes com her\u00f3ica paci\u00eancia as prova\u00e7\u00f5es e adversidades na viagem a Bel\u00e9m, na fuga para o Egito e durante a vida oculta em Nazar\u00e9 e me destes o exemplo de admir\u00e1vel conformidade com a vontade de Deus, obtende-me a virtude da paci\u00eancia nas dificuldades de cada dia. Alcan\u00e7ai tamb\u00e9m invenc\u00edvel paci\u00eancia a todos os que suportam pesadas cruzes, a fim de que se unam sempre mais a Jesus, divino modelo de mansid\u00e3o e paci\u00eancia. Am\u00e9m.<\/span><\/p>\n<p><span style=\"font-weight: 400;\">V\/. Rogai por n\u00f3s, S\u00e3o Jos\u00e9, espelho de paci\u00eancia.<\/span><span style=\"font-weight: 400;\"><br \/><\/span><span style=\"font-weight: 400;\">R\/. Para que sejamos dignos das promessas de Cristo.<\/span><\/p>\n<p><span style=\"font-weight: 400;\">Oremos. \u00d3 Deus, que por uma inef\u00e1vel Provid\u00eancia Vos dignastes escolher o bem-aventurado S\u00e3o Jos\u00e9 para Esposo de vossa M\u00e3e Sant\u00edssima, concedei-nos que aquele mesmo que na terra veneramos como protetor, mere\u00e7amos t\u00ea-lo no c\u00e9u por nosso intercessor. V\u00f3s que viveis e reinais por todos os s\u00e9culos dos s\u00e9culos. Am\u00e9m.<\/span><\/p>\n<p>\u00a0<\/p>\n<h2><b>Sexto Dia &#8211; S\u00e3o Jos\u00e9, Modelo dos Oper\u00e1rios<\/b><\/h2>\n<p><span style=\"font-weight: 400;\">Humilde S\u00e3o Jos\u00e9, que vivendo em pobreza dignificastes a vossa profiss\u00e3o pelo trabalho constante e vos sentistes feliz em servir a Jesus e a Maria com o fruto de vossos suores, alcan\u00e7ai-me amor ao trabalho, que me foi imposto como dever de estado, procurando cumprir nisto sempre a vontade de Deus. Protegei os lares dos trabalhadores do Brasil contra as influ\u00eancias nefastas dos inimigos de Cristo e da Santa Igreja. Obtende-lhes a gra\u00e7a de santificarem o seu trabalho, pela reta inten\u00e7\u00e3o, em tudo conformados com os des\u00edgnios da Divina Provid\u00eancia. Am\u00e9m.<\/span><\/p>\n<p><span style=\"font-weight: 400;\">V\/. Rogai por n\u00f3s, S\u00e3o Jos\u00e9, modelo dos oper\u00e1rios.<\/span><span style=\"font-weight: 400;\"><br \/><\/span><span style=\"font-weight: 400;\">R\/. Para que sejamos dignos das promessas de Cristo.<\/span><\/p>\n<p><span style=\"font-weight: 400;\">Oremos. \u00d3 Deus, que por uma inef\u00e1vel Provid\u00eancia Vos dignastes escolher o bem-aventurado S\u00e3o Jos\u00e9 para Esposo de vossa M\u00e3e Sant\u00edssima, concedei-nos que aquele mesmo que na terra veneramos como protetor, mere\u00e7amos t\u00ea-lo no c\u00e9u por nosso intercessor. V\u00f3s que viveis e reinais por todos os s\u00e9culos dos s\u00e9culos. Am\u00e9m.<\/span><\/p>\n<h2>\u00a0<\/h2>\n<h2><b>S\u00e9timo Dia &#8211; S\u00e3o Jos\u00e9, Protetor da Santa Igreja<\/b><\/h2>\n<p><span style=\"font-weight: 400;\">Glorioso Patriarca S\u00e3o Jos\u00e9, Protetor e Padroeiro da Igreja Universal, obtende-me a gra\u00e7a de amar a Igreja como M\u00e3e e de a honrar como verdadeiro disc\u00edpulo de Cristo. Rogo-vos que veleis sobre o seu Corpo M\u00edstico, como outrora velastes sobre Jesus e Maria. Protegei o Santo Padre e os Bispos, os Sacerdotes e os Religiosos. Alcan\u00e7ai-lhes santidade de vida e efic\u00e1cia no apostolado. Guardai a inoc\u00eancia da inf\u00e2ncia, a castidade da juventude, a honestidade do lar, a ordem e a paz da sociedade. Am\u00e9m.<\/span><\/p>\n<p><span style=\"font-weight: 400;\">V\/. Rogai por n\u00f3s, S\u00e3o Jos\u00e9, protetor da Santa Igreja.<\/span><span style=\"font-weight: 400;\"><br \/><\/span><span style=\"font-weight: 400;\">R\/. Para que sejamos dignos das promessas de Cristo.<\/span><\/p>\n<p><span style=\"font-weight: 400;\">Oremos. \u00d3 Deus, que por uma inef\u00e1vel Provid\u00eancia Vos dignastes escolher o bem-aventurado S\u00e3o Jos\u00e9 para Esposo de vossa M\u00e3e Sant\u00edssima, concedei-nos que aquele mesmo que na terra veneramos como protetor, mere\u00e7amos t\u00ea-lo no c\u00e9u por nosso intercessor. V\u00f3s que viveis e reinais por todos os s\u00e9culos dos s\u00e9culos. Am\u00e9m.<\/span><\/p>\n<p>\u00a0<\/p>\n<h2><b>Oitavo Dia &#8211; S\u00e3o Jos\u00e9, Consolo dos Enfermos<\/b><\/h2>\n<p><span style=\"font-weight: 400;\">Compassivo S\u00e3o Jos\u00e9, esperan\u00e7a dos doentes e necessitados, valei-me em todas as enfermidades e tribula\u00e7\u00f5es, alcan\u00e7ando-me plena conformidade com os admir\u00e1veis des\u00edgnios de Deus. Obtende-me tamb\u00e9m para mim e para todos pelos quais rezo nesta novena, a cura das enfermidades espirituais, que s\u00e3o as paix\u00f5es desordenadas, fraquezas, faltas e pecados, e protegei-nos contra as tenta\u00e7\u00f5es do inimigo da nossa salva\u00e7\u00e3o. Am\u00e9m.<\/span><\/p>\n<p><span style=\"font-weight: 400;\">V\/. Rogai por n\u00f3s, S\u00e3o Jos\u00e9, consolo dos enfermos.<\/span><span style=\"font-weight: 400;\"><br \/><\/span><span style=\"font-weight: 400;\">R\/. Para que sejamos dignos das promessas de Cristo.<\/span><\/p>\n<p><span style=\"font-weight: 400;\">Oremos. \u00d3 Deus, que por uma inef\u00e1vel Provid\u00eancia Vos dignastes escolher o bem-aventurado S\u00e3o Jos\u00e9 para Esposo de vossa M\u00e3e Sant\u00edssima, concedei-nos que aquele mesmo que na terra veneramos como protetor, mere\u00e7amos t\u00ea-lo no c\u00e9u por nosso intercessor. V\u00f3s que viveis e reinais por todos os s\u00e9culos dos s\u00e9culos. Am\u00e9m.<\/span><\/p>\n<h2>\u00a0<\/h2>\n<h2><b>Nono Dia &#8211; S\u00e3o Jos\u00e9, Padroeiro dos Moribundos<\/b><\/h2>\n<p><span style=\"font-weight: 400;\">Ditoso S\u00e3o Jos\u00e9, que morrendo nos bra\u00e7os de Jesus e Maria, partistes deste mundo ornado de virtudes e enriquecido de m\u00e9ritos, assisti-me na hora suprema e decisiva da minha vida contra os ataques do poder infernal. Obtende-me a gra\u00e7a de morrer confortado com os santos Sacramentos, necess\u00e1rios para a minha salva\u00e7\u00e3o. Tende compaix\u00e3o de todos os agonizantes, alcan\u00e7ando-lhes a gra\u00e7a da salva\u00e7\u00e3o por interm\u00e9dio de Maria, vossa Sant\u00edssima Esposa. Am\u00e9m.<\/span><\/p>\n<p><span style=\"font-weight: 400;\">V\/. Rogai por n\u00f3s, S\u00e3o Jos\u00e9, padroeiro dos moribundos.<\/span><span style=\"font-weight: 400;\"><br \/><\/span><span style=\"font-weight: 400;\">R\/. Para que sejamos dignos das promessas de Cristo.<\/span><\/p>\n<p><span style=\"font-weight: 400;\">Oremos. \u00d3 Deus, que por uma inef\u00e1vel Provid\u00eancia Vos dignastes escolher o bem-aventurado S\u00e3o Jos\u00e9 para Esposo de vossa M\u00e3e Sant\u00edssima, concedei-nos que aquele mesmo que na terra veneramos como protetor, mere\u00e7amos t\u00ea-lo no c\u00e9u por nosso intercessor. V\u00f3s que viveis e reinais por todos os s\u00e9culos dos s\u00e9culos. Am\u00e9m.<\/span><\/p>\n<p>\u00a0<\/p>\n<h2><b>Ora\u00e7\u00e3o final <\/b><span style=\"font-weight: 400;\">(<\/span><i><span style=\"font-weight: 400;\">pode ser rezada todos os dias<\/span><\/i><span style=\"font-weight: 400;\">)<\/span><\/h2>\n<p><span style=\"font-weight: 400;\">Glorioso S\u00e3o Jos\u00e9, que fostes exaltado pelo Eterno Pai, obedecido pelo Verbo Encarnado, favorecido pelo Esp\u00edrito Santo e amado pela Virgem Maria; louvo e bendigo a Sant\u00edssima Trindade pelos privil\u00e9gios e m\u00e9ritos com que vos enriqueceu. Sois poderos\u00edssimo e jamais se ouviu dizer que algu\u00e9m tenha recorrido a v\u00f3s e fosse por v\u00f3s desamparado. Sois o consolador dos aflitos, o amparo dos m\u00edseros e o advogado dos pecadores. Acolhei, pois, com bondade paternal a quem vos invoca com filial confian\u00e7a e alcan\u00e7ai-me as gra\u00e7as que vos pe\u00e7o nesta novena. Eu vos escolho por meu especial protetor. Sede, depois de Jesus e Maria, minha consola\u00e7\u00e3o nesta terra, meu ref\u00fagio nas desgra\u00e7as, meu guia nas incertezas, meu conforto nas tribula\u00e7\u00f5es, meu pai sol\u00edcito em todas as necessidades. Obtende-me, finalmente, como coroa dos vossos favores, uma boa e santa morte na gra\u00e7a de Nosso Senhor. Am\u00e9m.<\/span><\/p>\n\t\t\t\t\t\t\t\t<\/div>\n\t\t\t\t<\/div>\n\t\t\t\t\t<\/div>\n\t\t\t\t<\/div>\n\t\t\t\t<\/div>\n\t\t","protected":false},"excerpt":{"rendered":"<p>Esta novena em honra a S\u00e3o Jos\u00e9 inicia-se no dia 10 e vai at\u00e9 18 de mar\u00e7o, em prepara\u00e7\u00e3o para a sua solenidade; ou, para a festa de S\u00e3o Jos\u00e9 Oper\u00e1rio, do dia 22 ao 30 de abril. Tamb\u00e9m pode ser feita em qualquer \u00e9poca do ano. Santa Teresa de \u00c1vila recomenda que tenhamos grande [&hellip;]<\/p>\n","protected":false},"author":1,"featured_media":3186,"comment_status":"open","ping_status":"open","sticky":false,"template":"","format":"standard","meta":{"footnotes":""},"categories":[1],"tags":[],"class_list":["post-3185","post","type-post","status-publish","format-standard","has-post-thumbnail","hentry","category-blog"],"yoast_head":"<!-- This site is optimized with the Yoast SEO plugin v25.7 - https:\/\/yoast.com\/wordpress\/plugins\/seo\/ -->\n<title>Novena tradicional em honra de S\u00e3o Jos\u00e9 - Ordem Terceira<\/title>\n<meta name=\"robots\" content=\"index, follow, max-snippet:-1, max-image-preview:large, max-video-preview:-1\" \/>\n<link rel=\"canonical\" href=\"https:\/\/ordemterceira.com.br\/index.php\/2026\/03\/10\/novena-tradicional-em-honra-de-sao-jose\/\" \/>\n<meta property=\"og:locale\" content=\"en_US\" \/>\n<meta property=\"og:type\" content=\"article\" \/>\n<meta property=\"og:title\" content=\"Novena tradicional em honra de S\u00e3o Jos\u00e9 - Ordem Terceira\" \/>\n<meta property=\"og:description\" content=\"Esta novena em honra a S\u00e3o Jos\u00e9 inicia-se no dia 10 e vai at\u00e9 18 de mar\u00e7o, em prepara\u00e7\u00e3o para a sua solenidade; ou, para a festa de S\u00e3o Jos\u00e9 Oper\u00e1rio, do dia 22 ao 30 de abril. Tamb\u00e9m pode ser feita em qualquer \u00e9poca do ano. Santa Teresa de \u00c1vila recomenda que tenhamos grande [&hellip;]\" \/>\n<meta property=\"og:url\" content=\"https:\/\/ordemterceira.com.br\/index.php\/2026\/03\/10\/novena-tradicional-em-honra-de-sao-jose\/\" \/>\n<meta property=\"og:site_name\" content=\"Ordem Terceira\" \/>\n<meta property=\"article:published_time\" content=\"2026-03-10T08:00:00+00:00\" \/>\n<meta property=\"og:image\" content=\"https:\/\/ordemterceira.com.br\/wp-content\/uploads\/2026\/03\/Novena-tradicional-em-honra-de-Sao-Jose.png\" \/>\n\t<meta property=\"og:image:width\" content=\"1080\" \/>\n\t<meta property=\"og:image:height\" content=\"1350\" \/>\n\t<meta property=\"og:image:type\" content=\"image\/png\" \/>\n<meta name=\"author\" content=\"admin\" \/>\n<meta name=\"twitter:card\" content=\"summary_large_image\" \/>\n<meta name=\"twitter:label1\" content=\"Written by\" \/>\n\t<meta name=\"twitter:data1\" content=\"admin\" \/>\n\t<meta name=\"twitter:label2\" content=\"Est. reading time\" \/>\n\t<meta name=\"twitter:data2\" content=\"8 minutes\" \/>\n<script type=\"application\/ld+json\" class=\"yoast-schema-graph\">{\"@context\":\"https:\/\/schema.org\",\"@graph\":[{\"@type\":\"Article\",\"@id\":\"https:\/\/ordemterceira.com.br\/index.php\/2026\/03\/10\/novena-tradicional-em-honra-de-sao-jose\/#article\",\"isPartOf\":{\"@id\":\"https:\/\/ordemterceira.com.br\/index.php\/2026\/03\/10\/novena-tradicional-em-honra-de-sao-jose\/\"},\"author\":{\"name\":\"admin\",\"@id\":\"https:\/\/ordemterceira.com.br\/#\/schema\/person\/3f761323fe3b257a0c2f1f1f5e8eab70\"},\"headline\":\"Novena tradicional em honra de S\u00e3o Jos\u00e9\",\"datePublished\":\"2026-03-10T08:00:00+00:00\",\"mainEntityOfPage\":{\"@id\":\"https:\/\/ordemterceira.com.br\/index.php\/2026\/03\/10\/novena-tradicional-em-honra-de-sao-jose\/\"},\"wordCount\":1976,\"commentCount\":0,\"publisher\":{\"@id\":\"https:\/\/ordemterceira.com.br\/#organization\"},\"image\":{\"@id\":\"https:\/\/ordemterceira.com.br\/index.php\/2026\/03\/10\/novena-tradicional-em-honra-de-sao-jose\/#primaryimage\"},\"thumbnailUrl\":\"https:\/\/ordemterceira.com.br\/wp-content\/uploads\/2026\/03\/Novena-tradicional-em-honra-de-Sao-Jose.png\",\"articleSection\":[\"Blog\"],\"inLanguage\":\"en-US\",\"potentialAction\":[{\"@type\":\"CommentAction\",\"name\":\"Comment\",\"target\":[\"https:\/\/ordemterceira.com.br\/index.php\/2026\/03\/10\/novena-tradicional-em-honra-de-sao-jose\/#respond\"]}]},{\"@type\":\"WebPage\",\"@id\":\"https:\/\/ordemterceira.com.br\/index.php\/2026\/03\/10\/novena-tradicional-em-honra-de-sao-jose\/\",\"url\":\"https:\/\/ordemterceira.com.br\/index.php\/2026\/03\/10\/novena-tradicional-em-honra-de-sao-jose\/\",\"name\":\"Novena tradicional em honra de S\u00e3o Jos\u00e9 - Ordem Terceira\",\"isPartOf\":{\"@id\":\"https:\/\/ordemterceira.com.br\/#website\"},\"primaryImageOfPage\":{\"@id\":\"https:\/\/ordemterceira.com.br\/index.php\/2026\/03\/10\/novena-tradicional-em-honra-de-sao-jose\/#primaryimage\"},\"image\":{\"@id\":\"https:\/\/ordemterceira.com.br\/index.php\/2026\/03\/10\/novena-tradicional-em-honra-de-sao-jose\/#primaryimage\"},\"thumbnailUrl\":\"https:\/\/ordemterceira.com.br\/wp-content\/uploads\/2026\/03\/Novena-tradicional-em-honra-de-Sao-Jose.png\",\"datePublished\":\"2026-03-10T08:00:00+00:00\",\"breadcrumb\":{\"@id\":\"https:\/\/ordemterceira.com.br\/index.php\/2026\/03\/10\/novena-tradicional-em-honra-de-sao-jose\/#breadcrumb\"},\"inLanguage\":\"en-US\",\"potentialAction\":[{\"@type\":\"ReadAction\",\"target\":[\"https:\/\/ordemterceira.com.br\/index.php\/2026\/03\/10\/novena-tradicional-em-honra-de-sao-jose\/\"]}]},{\"@type\":\"ImageObject\",\"inLanguage\":\"en-US\",\"@id\":\"https:\/\/ordemterceira.com.br\/index.php\/2026\/03\/10\/novena-tradicional-em-honra-de-sao-jose\/#primaryimage\",\"url\":\"https:\/\/ordemterceira.com.br\/wp-content\/uploads\/2026\/03\/Novena-tradicional-em-honra-de-Sao-Jose.png\",\"contentUrl\":\"https:\/\/ordemterceira.com.br\/wp-content\/uploads\/2026\/03\/Novena-tradicional-em-honra-de-Sao-Jose.png\",\"width\":1080,\"height\":1350},{\"@type\":\"BreadcrumbList\",\"@id\":\"https:\/\/ordemterceira.com.br\/index.php\/2026\/03\/10\/novena-tradicional-em-honra-de-sao-jose\/#breadcrumb\",\"itemListElement\":[{\"@type\":\"ListItem\",\"position\":1,\"name\":\"In\u00edcio\",\"item\":\"https:\/\/ordemterceira.com.br\/\"},{\"@type\":\"ListItem\",\"position\":2,\"name\":\"Novena tradicional em honra de S\u00e3o Jos\u00e9\"}]},{\"@type\":\"WebSite\",\"@id\":\"https:\/\/ordemterceira.com.br\/#website\",\"url\":\"https:\/\/ordemterceira.com.br\/\",\"name\":\"Ordem Terceira\",\"description\":\"\",\"publisher\":{\"@id\":\"https:\/\/ordemterceira.com.br\/#organization\"},\"potentialAction\":[{\"@type\":\"SearchAction\",\"target\":{\"@type\":\"EntryPoint\",\"urlTemplate\":\"https:\/\/ordemterceira.com.br\/?s={search_term_string}\"},\"query-input\":{\"@type\":\"PropertyValueSpecification\",\"valueRequired\":true,\"valueName\":\"search_term_string\"}}],\"inLanguage\":\"en-US\"},{\"@type\":\"Organization\",\"@id\":\"https:\/\/ordemterceira.com.br\/#organization\",\"name\":\"Ordem Terceira\",\"url\":\"https:\/\/ordemterceira.com.br\/\",\"logo\":{\"@type\":\"ImageObject\",\"inLanguage\":\"en-US\",\"@id\":\"https:\/\/ordemterceira.com.br\/#\/schema\/logo\/image\/\",\"url\":\"https:\/\/ordemterceira.com.br\/wp-content\/uploads\/2023\/10\/Brasao-sem-fundo-150x150-1.png\",\"contentUrl\":\"https:\/\/ordemterceira.com.br\/wp-content\/uploads\/2023\/10\/Brasao-sem-fundo-150x150-1.png\",\"width\":150,\"height\":150,\"caption\":\"Ordem Terceira\"},\"image\":{\"@id\":\"https:\/\/ordemterceira.com.br\/#\/schema\/logo\/image\/\"},\"sameAs\":[\"https:\/\/www.instagram.com\/veneravelordem\/\",\"https:\/\/www.youtube.com\/@veneravelordem\"]},{\"@type\":\"Person\",\"@id\":\"https:\/\/ordemterceira.com.br\/#\/schema\/person\/3f761323fe3b257a0c2f1f1f5e8eab70\",\"name\":\"admin\",\"image\":{\"@type\":\"ImageObject\",\"inLanguage\":\"en-US\",\"@id\":\"https:\/\/ordemterceira.com.br\/#\/schema\/person\/image\/\",\"url\":\"https:\/\/secure.gravatar.com\/avatar\/9b8f13302512c0d92ca8b89e7abf6313603deaf0c9d2b236a5178700ee69f295?s=96&d=mm&r=g\",\"contentUrl\":\"https:\/\/secure.gravatar.com\/avatar\/9b8f13302512c0d92ca8b89e7abf6313603deaf0c9d2b236a5178700ee69f295?s=96&d=mm&r=g\",\"caption\":\"admin\"},\"sameAs\":[\"https:\/\/ordemterceira.com.br\"],\"url\":\"https:\/\/ordemterceira.com.br\/index.php\/author\/admin\/\"}]}<\/script>\n<!-- \/ Yoast SEO plugin. -->","yoast_head_json":{"title":"Novena tradicional em honra de S\u00e3o Jos\u00e9 - Ordem Terceira","robots":{"index":"index","follow":"follow","max-snippet":"max-snippet:-1","max-image-preview":"max-image-preview:large","max-video-preview":"max-video-preview:-1"},"canonical":"https:\/\/ordemterceira.com.br\/index.php\/2026\/03\/10\/novena-tradicional-em-honra-de-sao-jose\/","og_locale":"en_US","og_type":"article","og_title":"Novena tradicional em honra de S\u00e3o Jos\u00e9 - Ordem Terceira","og_description":"Esta novena em honra a S\u00e3o Jos\u00e9 inicia-se no dia 10 e vai at\u00e9 18 de mar\u00e7o, em prepara\u00e7\u00e3o para a sua solenidade; ou, para a festa de S\u00e3o Jos\u00e9 Oper\u00e1rio, do dia 22 ao 30 de abril. Tamb\u00e9m pode ser feita em qualquer \u00e9poca do ano. Santa Teresa de \u00c1vila recomenda que tenhamos grande [&hellip;]","og_url":"https:\/\/ordemterceira.com.br\/index.php\/2026\/03\/10\/novena-tradicional-em-honra-de-sao-jose\/","og_site_name":"Ordem Terceira","article_published_time":"2026-03-10T08:00:00+00:00","og_image":[{"width":1080,"height":1350,"url":"https:\/\/ordemterceira.com.br\/wp-content\/uploads\/2026\/03\/Novena-tradicional-em-honra-de-Sao-Jose.png","type":"image\/png"}],"author":"admin","twitter_card":"summary_large_image","twitter_misc":{"Written by":"admin","Est. reading time":"8 minutes"},"schema":{"@context":"https:\/\/schema.org","@graph":[{"@type":"Article","@id":"https:\/\/ordemterceira.com.br\/index.php\/2026\/03\/10\/novena-tradicional-em-honra-de-sao-jose\/#article","isPartOf":{"@id":"https:\/\/ordemterceira.com.br\/index.php\/2026\/03\/10\/novena-tradicional-em-honra-de-sao-jose\/"},"author":{"name":"admin","@id":"https:\/\/ordemterceira.com.br\/#\/schema\/person\/3f761323fe3b257a0c2f1f1f5e8eab70"},"headline":"Novena tradicional em honra de S\u00e3o Jos\u00e9","datePublished":"2026-03-10T08:00:00+00:00","mainEntityOfPage":{"@id":"https:\/\/ordemterceira.com.br\/index.php\/2026\/03\/10\/novena-tradicional-em-honra-de-sao-jose\/"},"wordCount":1976,"commentCount":0,"publisher":{"@id":"https:\/\/ordemterceira.com.br\/#organization"},"image":{"@id":"https:\/\/ordemterceira.com.br\/index.php\/2026\/03\/10\/novena-tradicional-em-honra-de-sao-jose\/#primaryimage"},"thumbnailUrl":"https:\/\/ordemterceira.com.br\/wp-content\/uploads\/2026\/03\/Novena-tradicional-em-honra-de-Sao-Jose.png","articleSection":["Blog"],"inLanguage":"en-US","potentialAction":[{"@type":"CommentAction","name":"Comment","target":["https:\/\/ordemterceira.com.br\/index.php\/2026\/03\/10\/novena-tradicional-em-honra-de-sao-jose\/#respond"]}]},{"@type":"WebPage","@id":"https:\/\/ordemterceira.com.br\/index.php\/2026\/03\/10\/novena-tradicional-em-honra-de-sao-jose\/","url":"https:\/\/ordemterceira.com.br\/index.php\/2026\/03\/10\/novena-tradicional-em-honra-de-sao-jose\/","name":"Novena tradicional em honra de S\u00e3o Jos\u00e9 - Ordem Terceira","isPartOf":{"@id":"https:\/\/ordemterceira.com.br\/#website"},"primaryImageOfPage":{"@id":"https:\/\/ordemterceira.com.br\/index.php\/2026\/03\/10\/novena-tradicional-em-honra-de-sao-jose\/#primaryimage"},"image":{"@id":"https:\/\/ordemterceira.com.br\/index.php\/2026\/03\/10\/novena-tradicional-em-honra-de-sao-jose\/#primaryimage"},"thumbnailUrl":"https:\/\/ordemterceira.com.br\/wp-content\/uploads\/2026\/03\/Novena-tradicional-em-honra-de-Sao-Jose.png","datePublished":"2026-03-10T08:00:00+00:00","breadcrumb":{"@id":"https:\/\/ordemterceira.com.br\/index.php\/2026\/03\/10\/novena-tradicional-em-honra-de-sao-jose\/#breadcrumb"},"inLanguage":"en-US","potentialAction":[{"@type":"ReadAction","target":["https:\/\/ordemterceira.com.br\/index.php\/2026\/03\/10\/novena-tradicional-em-honra-de-sao-jose\/"]}]},{"@type":"ImageObject","inLanguage":"en-US","@id":"https:\/\/ordemterceira.com.br\/index.php\/2026\/03\/10\/novena-tradicional-em-honra-de-sao-jose\/#primaryimage","url":"https:\/\/ordemterceira.com.br\/wp-content\/uploads\/2026\/03\/Novena-tradicional-em-honra-de-Sao-Jose.png","contentUrl":"https:\/\/ordemterceira.com.br\/wp-content\/uploads\/2026\/03\/Novena-tradicional-em-honra-de-Sao-Jose.png","width":1080,"height":1350},{"@type":"BreadcrumbList","@id":"https:\/\/ordemterceira.com.br\/index.php\/2026\/03\/10\/novena-tradicional-em-honra-de-sao-jose\/#breadcrumb","itemListElement":[{"@type":"ListItem","position":1,"name":"In\u00edcio","item":"https:\/\/ordemterceira.com.br\/"},{"@type":"ListItem","position":2,"name":"Novena tradicional em honra de S\u00e3o Jos\u00e9"}]},{"@type":"WebSite","@id":"https:\/\/ordemterceira.com.br\/#website","url":"https:\/\/ordemterceira.com.br\/","name":"Ordem Terceira","description":"","publisher":{"@id":"https:\/\/ordemterceira.com.br\/#organization"},"potentialAction":[{"@type":"SearchAction","target":{"@type":"EntryPoint","urlTemplate":"https:\/\/ordemterceira.com.br\/?s={search_term_string}"},"query-input":{"@type":"PropertyValueSpecification","valueRequired":true,"valueName":"search_term_string"}}],"inLanguage":"en-US"},{"@type":"Organization","@id":"https:\/\/ordemterceira.com.br\/#organization","name":"Ordem Terceira","url":"https:\/\/ordemterceira.com.br\/","logo":{"@type":"ImageObject","inLanguage":"en-US","@id":"https:\/\/ordemterceira.com.br\/#\/schema\/logo\/image\/","url":"https:\/\/ordemterceira.com.br\/wp-content\/uploads\/2023\/10\/Brasao-sem-fundo-150x150-1.png","contentUrl":"https:\/\/ordemterceira.com.br\/wp-content\/uploads\/2023\/10\/Brasao-sem-fundo-150x150-1.png","width":150,"height":150,"caption":"Ordem Terceira"},"image":{"@id":"https:\/\/ordemterceira.com.br\/#\/schema\/logo\/image\/"},"sameAs":["https:\/\/www.instagram.com\/veneravelordem\/","https:\/\/www.youtube.com\/@veneravelordem"]},{"@type":"Person","@id":"https:\/\/ordemterceira.com.br\/#\/schema\/person\/3f761323fe3b257a0c2f1f1f5e8eab70","name":"admin","image":{"@type":"ImageObject","inLanguage":"en-US","@id":"https:\/\/ordemterceira.com.br\/#\/schema\/person\/image\/","url":"https:\/\/secure.gravatar.com\/avatar\/9b8f13302512c0d92ca8b89e7abf6313603deaf0c9d2b236a5178700ee69f295?s=96&d=mm&r=g","contentUrl":"https:\/\/secure.gravatar.com\/avatar\/9b8f13302512c0d92ca8b89e7abf6313603deaf0c9d2b236a5178700ee69f295?s=96&d=mm&r=g","caption":"admin"},"sameAs":["https:\/\/ordemterceira.com.br"],"url":"https:\/\/ordemterceira.com.br\/index.php\/author\/admin\/"}]}},"_links":{"self":[{"href":"https:\/\/ordemterceira.com.br\/index.php\/wp-json\/wp\/v2\/posts\/3185","targetHints":{"allow":["GET"]}}],"collection":[{"href":"https:\/\/ordemterceira.com.br\/index.php\/wp-json\/wp\/v2\/posts"}],"about":[{"href":"https:\/\/ordemterceira.com.br\/index.php\/wp-json\/wp\/v2\/types\/post"}],"author":[{"embeddable":true,"href":"https:\/\/ordemterceira.com.br\/index.php\/wp-json\/wp\/v2\/users\/1"}],"replies":[{"embeddable":true,"href":"https:\/\/ordemterceira.com.br\/index.php\/wp-json\/wp\/v2\/comments?post=3185"}],"version-history":[{"count":4,"href":"https:\/\/ordemterceira.com.br\/index.php\/wp-json\/wp\/v2\/posts\/3185\/revisions"}],"predecessor-version":[{"id":3190,"href":"https:\/\/ordemterceira.com.br\/index.php\/wp-json\/wp\/v2\/posts\/3185\/revisions\/3190"}],"wp:featuredmedia":[{"embeddable":true,"href":"https:\/\/ordemterceira.com.br\/index.php\/wp-json\/wp\/v2\/media\/3186"}],"wp:attachment":[{"href":"https:\/\/ordemterceira.com.br\/index.php\/wp-json\/wp\/v2\/media?parent=3185"}],"wp:term":[{"taxonomy":"category","embeddable":true,"href":"https:\/\/ordemterceira.com.br\/index.php\/wp-json\/wp\/v2\/categories?post=3185"},{"taxonomy":"post_tag","embeddable":true,"href":"https:\/\/ordemterceira.com.br\/index.php\/wp-json\/wp\/v2\/tags?post=3185"}],"curies":[{"name":"wp","href":"https:\/\/api.w.org\/{rel}","templated":true}]}}