{"id":3191,"date":"2026-03-13T07:00:00","date_gmt":"2026-03-13T10:00:00","guid":{"rendered":"https:\/\/ordemterceira.com.br\/?p=3191"},"modified":"2026-03-12T20:35:52","modified_gmt":"2026-03-12T23:35:52","slug":"via-sacra-com-meditacoes-de-santo-afonso-de-ligorio","status":"publish","type":"post","link":"https:\/\/ordemterceira.com.br\/index.php\/2026\/03\/13\/via-sacra-com-meditacoes-de-santo-afonso-de-ligorio\/","title":{"rendered":"Via Sacra com medita\u00e7\u00f5es de Santo Afonso de Lig\u00f3rio"},"content":{"rendered":"\t\t<div data-elementor-type=\"wp-post\" data-elementor-id=\"3191\" class=\"elementor elementor-3191\" data-elementor-post-type=\"post\">\n\t\t\t\t<div class=\"elementor-element elementor-element-7424b65b e-flex e-con-boxed e-con e-parent\" data-id=\"7424b65b\" data-element_type=\"container\">\n\t\t\t\t\t<div class=\"e-con-inner\">\n\t\t\t\t<div class=\"elementor-element elementor-element-7b7af358 elementor-widget elementor-widget-text-editor\" data-id=\"7b7af358\" data-element_type=\"widget\" data-widget_type=\"text-editor.default\">\n\t\t\t\t<div class=\"elementor-widget-container\">\n\t\t\t\t\t\t\t\t\t\n<h2><span style=\"font-weight: 400;\">Ora\u00e7\u00e3o Inicial<\/span><\/h2>\n<p><span style=\"font-weight: 400;\">Senhor Jesus Cristo, v\u00f3s com tanto amor entrastes nesta via para morrerdes por mim; eu por\u00e9m tantas vezes vos desprezei! Agora, de toda a minha alma vos amo e, porque vos amo, arrependo-me do fundo do cora\u00e7\u00e3o de ter-vos ofendido. Perdoai-me e permiti que vos acompanhe nesta via. V\u00f3s, por amor a mim, caminhais para o lugar em que por mim haveis de morrer, e eu tamb\u00e9m, por amor a v\u00f3s, desejo acompanhar-vos para convosco morrer, amant\u00edssimo Redentor. \u00d3 meu Jesus, desejo convosco viver e morrer!<\/span><\/p>\n<p>\u00a0<\/p>\n<h2><span style=\"font-weight: 400;\">1\u00aa Esta\u00e7\u00e3o &#8211; Jesus \u00e9 condenado \u00e0 morte<\/span><\/h2>\n<p><span style=\"font-weight: 400;\">\u2123. N\u00f3s vos adoramos, \u00f3 Cristo, e vos bendizemos.<\/span><\/p>\n<p><span style=\"font-weight: 400;\">\u211f. Porque, por vossa santa Cruz, redimistes o mundo.<\/span><\/p>\n<p><span style=\"font-weight: 400;\">Contemplemos como Jesus Cristo, j\u00e1 flagelado e coroado de espinhos, foi por fim injustamente condenado \u00e0 morte por Pilatos.<\/span><\/p>\n<p><b>Ora\u00e7\u00e3o.<\/b><span style=\"font-weight: 400;\"> \u2014 \u00d3 Jesus ador\u00e1vel, n\u00e3o foi Pilatos, mas minha vida in\u00edqua que vos condenou \u00e0 morte. Pelo m\u00e9rito deste t\u00e3o penoso itiner\u00e1rio, no qual entrais rumo ao monte Calv\u00e1rio, pe\u00e7o-vos que benignamente me acompanheis no caminho pelo qual minha alma se dirige \u00e0 eternidade. Amo-vos, \u00f3 Jesus, meu Amor, mais do que a mim mesmo, e do fundo do cora\u00e7\u00e3o me arrependo de ter-vos ofendido. N\u00e3o permitais que eu novamente me separe de v\u00f3s. Dai-me amor perp\u00e9tuo a v\u00f3s e fazei de mim o que quiserdes. O que vos for agrad\u00e1vel tamb\u00e9m o ser\u00e1 para mim.<\/span><\/p>\n<p><b>Pai-nosso, Ave-Maria, Gl\u00f3ria.<\/b><\/p>\n<p>\u00a0<\/p>\n<h2><span style=\"font-weight: 400;\">2\u00aa Esta\u00e7\u00e3o &#8211; Jesus carrega a Cruz<\/span><\/h2>\n<p><span style=\"font-weight: 400;\">\u2123. N\u00f3s vos adoramos, \u00f3 Cristo, e vos bendizemos.<\/span><\/p>\n<p><span style=\"font-weight: 400;\">\u211f. Porque, por vossa santa Cruz, redimistes o mundo.<\/span><\/p>\n<p><span style=\"font-weight: 400;\">Contemplemos como Jesus Cristo, levando a Cruz aos ombros, lembrava-se no caminho de oferecer por n\u00f3s ao Pai eterno a morte que havia de sofrer.<\/span><\/p>\n<p><b>Ora\u00e7\u00e3o<\/b><span style=\"font-weight: 400;\">. \u2014 \u00d3 amabil\u00edssimo Jesus, abra\u00e7o todas as adversidades que, por vossa vontade, hei de tolerar at\u00e9 a morte e, pelo duro sofrimento que suportastes carregando a Cruz, pe\u00e7o-vos que me deis for\u00e7as para que tamb\u00e9m eu possa carregar, com \u00e2nimo forte e paciente, minha pr\u00f3pria cruz. Amo-vos, \u00f3 Jesus, meu Amor, e arrependo-me de ter-vos ofendido. N\u00e3o permitais que novamente me separe de ti. Dai-me amor perp\u00e9tuo a v\u00f3s e fazei de mim o que quiserdes.<\/span><\/p>\n<p><b>Pai-nosso, Ave-Maria, Gl\u00f3ria.<\/b><\/p>\n<p>\u00a0<\/p>\n<h2><span style=\"font-weight: 400;\">3\u00aa Esta\u00e7\u00e3o &#8211; Jesus cai pela primeira vez<\/span><\/h2>\n<p><span style=\"font-weight: 400;\">\u2123. N\u00f3s vos adoramos, \u00f3 Cristo, e vos bendizemos.<\/span><\/p>\n<p><span style=\"font-weight: 400;\">\u211f. Porque, por vossa santa Cruz, redimistes o mundo.<\/span><\/p>\n<p><span style=\"font-weight: 400;\">Contemplemos a primeira queda de Jesus sob o peso da Cruz. Tinha Ele a carne, por causa da cruenta flagela\u00e7\u00e3o, ferida de muitos modos e a cabe\u00e7a coroada de espinhos; derramara ainda tanto sangue, que mal podia mover os p\u00e9s por falta de for\u00e7as. E porque era oprimido pelo grave peso da Cruz e a\u00e7ulado sem clem\u00eancia pelos soldados, por isso aconteceu-lhe de cair muitas vezes por terra ao longo do caminho.<\/span><\/p>\n<p><b>Ora\u00e7\u00e3o.<\/b><span style=\"font-weight: 400;\"> \u2014 \u00d3 meu Jesus, n\u00e3o \u00e9 o peso da Cruz, mas o dos meus pecados que de tantas dores vos cobre. Rogo-vos, por esta vossa primeira queda, que me protejais de toda queda em pecado. Amo-vos, \u00f3 Jesus, de todo o meu cora\u00e7\u00e3o; arrependo-me de ter-vos ofendido. N\u00e3o me permitais novamente cair em pecado. Dai-me amor perp\u00e9tuo a v\u00f3s e fazei de mim o que quiserdes.<\/span><\/p>\n<p><b>Pai-nosso, Ave-Maria, Gl\u00f3ria.<\/b><\/p>\n<p>\u00a0<\/p>\n<h2><span style=\"font-weight: 400;\">4\u00aa Esta\u00e7\u00e3o &#8211; Jesus se encontra com sua M\u00e3e dolorosa<\/span><\/h2>\n<p><span style=\"font-weight: 400;\">\u2123. N\u00f3s vos adoramos, \u00f3 Cristo, e vos bendizemos.<\/span><\/p>\n<p><span style=\"font-weight: 400;\">\u211f. Porque, por vossa santa Cruz, redimistes o mundo.<\/span><\/p>\n<p><span style=\"font-weight: 400;\">Contemplemos como deve ter sido o encontro, neste caminho, do Filho e da M\u00e3e. Jesus e Maria se olharam entre si, e os olhares mudos que trocaram foram outras tantas setas a atravessar o cora\u00e7\u00e3o amante de ambos.<\/span><\/p>\n<p><b>Ora\u00e7\u00e3o.<\/b><span style=\"font-weight: 400;\"> \u2014 \u00d3 amant\u00edssimo Jesus, pela dor acerba que experimentastes neste encontro, tornai-me, eu vos pe\u00e7o, verdadeiramente devoto de vossa M\u00e3e sant\u00edssima. E v\u00f3s, \u00f3 minha dolorosa Rainha, intercedei por mim e alcan\u00e7ai-me uma tal mem\u00f3ria dos supl\u00edcios de vosso Filho, que minha mente esteja para sempre detida na piedosa contempla\u00e7\u00e3o deles. Amo-vos, \u00f3 Jesus, meu Amor; arrependo-me de ter-vos ofendido. N\u00e3o me permitais novamente pecar contra v\u00f3s. Dai-me amor perp\u00e9tuo a v\u00f3s e fazei de mim o que quiserdes.<\/span><\/p>\n<p><b>Pai-nosso, Ave-Maria, Gl\u00f3ria.<\/b><\/p>\n<p>\u00a0<\/p>\n<h2><span style=\"font-weight: 400;\">5\u00aa Esta\u00e7\u00e3o &#8211; O Cirineu ajuda Jesus a carregar a Cruz<\/span><\/h2>\n<p><span style=\"font-weight: 400;\">\u2123. N\u00f3s vos adoramos, \u00f3 Cristo, e vos bendizemos.<\/span><\/p>\n<p><span style=\"font-weight: 400;\">\u211f. Porque, por vossa santa Cruz, redimistes o mundo.<\/span><\/p>\n<p><span style=\"font-weight: 400;\">Contemplemos como os judeus obrigaram Sim\u00e3o de Cirene a carregar a Cruz atr\u00e1s do Senhor, vendo Jesus quase expirar a cada passo devido ao cansa\u00e7o e temendo, por outra parte, que morresse no caminho aquele que queriam ver pregado \u00e0 Cruz.<\/span><\/p>\n<p><b>Ora\u00e7\u00e3o<\/b><span style=\"font-weight: 400;\">. \u2014 \u00d3 dulc\u00edssimo Jesus, n\u00e3o quero, como o Cirineu, repudiar a Cruz. De bom grado a abra\u00e7o e tomo sobre mim; abra\u00e7o especialmente a morte que para mim estabelecestes, com todas as dores que ela trar\u00e1 consigo. Uno minha morte \u00e0 vossa e, assim unida, ofere\u00e7o-a a v\u00f3s em sacrif\u00edcio. V\u00f3s morrestes por amor a mim; quero tamb\u00e9m eu morrer por amor a v\u00f3s, com a inten\u00e7\u00e3o de vos agradar. V\u00f3s, por\u00e9m, ajudai-me com a vossa gra\u00e7a. Amo-vos, \u00f3 Jesus, meu Amor, e arrependo-me de ter-vos ofendido. N\u00e3o permitais que eu novamente vos ofenda. Dai-me amor perp\u00e9tuo a v\u00f3s e fazei de mim o que quiserdes.<\/span><\/p>\n<p><b>Pai-nosso, Ave-Maria, Gl\u00f3ria.<\/b><\/p>\n<p>\u00a0<\/p>\n<h2><span style=\"font-weight: 400;\">6\u00aa Esta\u00e7\u00e3o &#8211; Ver\u00f4nica limpa com um sud\u00e1rio o rosto de Jesus<\/span><\/h2>\n<p><span style=\"font-weight: 400;\">\u2123. N\u00f3s vos adoramos, \u00f3 Cristo, e vos bendizemos.<\/span><\/p>\n<p><span style=\"font-weight: 400;\">\u211f. Porque, por vossa santa Cruz, redimistes o mundo.<\/span><\/p>\n<p><span style=\"font-weight: 400;\">Contemplemos como aquela santa mulher Ver\u00f4nica, vendo Jesus abatido pelas dores, com o rosto banhado em suor e sangue, estendeu-lhe um pano em que, purificada a face, Ele deixou impressa sua imagem.<\/span><\/p>\n<p><b>Ora\u00e7\u00e3o.<\/b><span style=\"font-weight: 400;\"> \u2014 \u00d3 meu Jesus, formosa era antes a vossa face; mas agora n\u00e3o aparece assim, t\u00e3o deformada est\u00e1 por feridas e sangue! Ai de mim, como era formosa tamb\u00e9m minha alma, quando recebi a vossa gra\u00e7a pelo Batismo: mas, pecando, tornei-a disforme. V\u00f3s somente, meu Redentor, lhe podeis restituir a antiga beleza. Para que o fa\u00e7ais, rogo-vos pelo m\u00e9rito de vossa Paix\u00e3o. Amo-vos, \u00f3 Jesus, meu Amor; arrependo-me de ter-vos ofendido. N\u00e3o permitais que eu novamente vos ofenda. Dai-me amor perp\u00e9tuo a v\u00f3s e fazei de mim o que quiserdes.<\/span><\/p>\n<p><b>Pai-nosso, Ave-Maria, Gl\u00f3ria.<\/b><\/p>\n<p>\u00a0<\/p>\n<h2><span style=\"font-weight: 400;\">7\u00aa Esta\u00e7\u00e3o &#8211; Jesus cai pela segunda vez<\/span><\/h2>\n<p><span style=\"font-weight: 400;\">\u2123. N\u00f3s vos adoramos, \u00f3 Cristo, e vos bendizemos.<\/span><\/p>\n<p><span style=\"font-weight: 400;\">\u211f. Porque, por vossa santa Cruz, redimistes o mundo.<\/span><\/p>\n<p><span style=\"font-weight: 400;\">Contemplemos a segunda queda de Jesus sob o peso da Cruz, na qual se lhe aprofundam todas as chagas da vener\u00e1vel cabe\u00e7a e de todo o corpo, e se renovam todas as ang\u00fastias do doloroso Senhor.<\/span><\/p>\n<p><b>Ora\u00e7\u00e3o<\/b><span style=\"font-weight: 400;\">. \u2014 \u00d3 mans\u00edssimo Jesus, quantas vezes me concedestes o perd\u00e3o! Eu, por\u00e9m, reca\u00ed nos mesmos pecados e renovei minhas ofensas contra v\u00f3s. Pelo m\u00e9rito desta vossa nova queda, ajudai-me a perseverar em vossa gra\u00e7a at\u00e9 a morte. Fazei, em todas as tenta\u00e7\u00f5es que avan\u00e7ar\u00e3o contra mim, que em v\u00f3s sempre me refugie. Amo-vos de todo o meu cora\u00e7\u00e3o, \u00f3 Jesus, meu Amor; arrependo-me de ter-vos ofendido. N\u00e3o permitais que eu novamente vos ofenda. Dai-me amor perp\u00e9tuo a v\u00f3s e fazei de mim o que quiserdes.<\/span><\/p>\n<p><b>Pai-nosso, Ave-Maria, Gl\u00f3ria.<\/b><\/p>\n<p>\u00a0<\/p>\n<h2><span style=\"font-weight: 400;\">8\u00aa Esta\u00e7\u00e3o &#8211; Jesus fala \u00e0s mulheres de Jerusal\u00e9m<\/span><\/h2>\n<p><span style=\"font-weight: 400;\">\u2123. N\u00f3s vos adoramos, \u00f3 Cristo, e vos bendizemos.<\/span><\/p>\n<p><span style=\"font-weight: 400;\">\u211f. Porque, por vossa santa Cruz, redimistes o mundo.<\/span><\/p>\n<p><span style=\"font-weight: 400;\">Contemplemos como estas mulheres, vendo Jesus morto de cansa\u00e7o e coberto de sangue, s\u00e3o tocadas de comisera\u00e7\u00e3o e choram copiosamente. Mas, voltando-se a elas, Ele diz: \u201cN\u00e3o choreis por mim; antes, chorai por v\u00f3s mesmas e por vossos filhos\u201d.<\/span><\/p>\n<p><b>Ora\u00e7\u00e3o<\/b><span style=\"font-weight: 400;\">. \u2014 \u00d3 doloroso Jesus, choro os pecados que cometi contra v\u00f3s, n\u00e3o s\u00f3 pelas penas de que me fizeram digno, mas sobretudo pela tristeza que vos causaram a v\u00f3s, que tanto me amastes. Ao choro me move menos o inferno que o amor a v\u00f3s. \u00d3 meu Jesus, amo-vos mais do que a mim mesmo; arrependo-me de ter-vos ofendido. N\u00e3o permitais que eu novamente vos ofenda. Dai-me amor perp\u00e9tuo a v\u00f3s e fazei de mim o que quiserdes.<\/span><\/p>\n<p><b>Pai-nosso, Ave-Maria, Gl\u00f3ria.<\/b><\/p>\n<p>\u00a0<\/p>\n<h2><span style=\"font-weight: 400;\">9\u00aa Esta\u00e7\u00e3o &#8211; Jesus cai pela terceira vez<\/span><\/h2>\n<p><span style=\"font-weight: 400;\">\u2123. N\u00f3s vos adoramos, \u00f3 Cristo, e vos bendizemos.<\/span><\/p>\n<p><span style=\"font-weight: 400;\">\u211f. Porque, por vossa santa Cruz, redimistes o mundo.<\/span><\/p>\n<p><span style=\"font-weight: 400;\">Contemplemos a terceira queda de Cristo sob o peso da Cruz. Caiu porque era demasiada a sua fraqueza e excessiva a crueldade dos algozes, que lhe queriam acelerar a marcha, embora Ele mal pudesse dar um passo.<\/span><\/p>\n<p><b>Ora\u00e7\u00e3o.<\/b><span style=\"font-weight: 400;\"> \u2014 \u00d3 Jesus t\u00e3o maltratado, pelo m\u00e9rito desta falta de for\u00e7as que quisestes padecer no caminho do Calv\u00e1rio, confortai-me, eu vos pe\u00e7o, com tanto vigor, que j\u00e1 n\u00e3o tenha respeito algum \u00e0s opini\u00f5es dos homens e domine minha natureza viciosa: porque ambas as coisas foram a causa por que desprezei outrora a vossa amizade. Amo-vos, \u00f3 Jesus, meu Amor, de todo o meu cora\u00e7\u00e3o; arrependo-me de ter-vos ofendido. N\u00e3o permitais que eu novamente vos ofenda. Dai-me amor perp\u00e9tuo a v\u00f3s e fazei de mim o que quiserdes.<\/span><\/p>\n<p><b>Pai-nosso, Ave-Maria, Gl\u00f3ria.<\/b><\/p>\n<p>\u00a0<\/p>\n<h2><span style=\"font-weight: 400;\">10\u00aa Esta\u00e7\u00e3o &#8211; Jesus \u00e9 espoliado de suas vestes<\/span><\/h2>\n<p><span style=\"font-weight: 400;\">\u2123. N\u00f3s vos adoramos, \u00f3 Cristo, e vos bendizemos.<\/span><\/p>\n<p><span style=\"font-weight: 400;\">\u211f. Porque, por vossa santa Cruz, redimistes o mundo.<\/span><\/p>\n<p><span style=\"font-weight: 400;\">Contemplemos com que viol\u00eancia arrancaram as vestes de Cristo. Como o traje interior estivesse muito pegado \u00e0 carne, aberta pelos flagelos, os carn\u00edfices, ao puxarem-lha, rasgaram-lhe tamb\u00e9m a pele. Tenhamos compaix\u00e3o de Nosso Senhor e lhe falemos assim:<\/span><\/p>\n<p><b>Ora\u00e7\u00e3o.<\/b><span style=\"font-weight: 400;\"> \u2014 \u00d3 inocent\u00edssimo Jesus, pelo m\u00e9rito da dor que padecestes nesta espolia\u00e7\u00e3o, ajudai-me, eu vos pe\u00e7o, a despir-me de todo afeto \u00e0s coisas criadas e, com toda a inclina\u00e7\u00e3o de minha vontade, converter-me somente a v\u00f3s, que sois t\u00e3o digno do meu amor. Amo-vos de todo o meu cora\u00e7\u00e3o; arrependo-me de ter-vos ofendido. N\u00e3o permitais que eu novamente vos ofenda. Dai-me amor perp\u00e9tuo a v\u00f3s e fazei de mim o que quiserdes.<\/span><\/p>\n<p><b>Pai-nosso, Ave-Maria, Gl\u00f3ria.<\/b><\/p>\n<p>\u00a0<\/p>\n<h2><span style=\"font-weight: 400;\">11\u00aa Esta\u00e7\u00e3o &#8211; Jesus \u00e9 pregado \u00e0 Cruz<\/span><\/h2>\n<p><span style=\"font-weight: 400;\">\u2123. N\u00f3s vos adoramos, \u00f3 Cristo, e vos bendizemos.<\/span><\/p>\n<p><span style=\"font-weight: 400;\">\u211f. Porque, por vossa santa Cruz, redimistes o mundo.<\/span><\/p>\n<p><span style=\"font-weight: 400;\">Contemplemos como Jesus \u00e9 arremessado sobre a Cruz e, de bra\u00e7os estendidos, oferece sua vida ao Pai eterno em sacrif\u00edcio pela nossa salva\u00e7\u00e3o. Os carn\u00edfices o pregam \u00e0 Cruz e, depois de erguerem esta, deixam-no levantado num infame pat\u00edbulo, abandonado a uma morte cruel.<\/span><\/p>\n<p><b>Ora\u00e7\u00e3o.<\/b><span style=\"font-weight: 400;\"> \u2014 \u00d3 Jesus t\u00e3o desprezado, pregai meu cora\u00e7\u00e3o aos vossos p\u00e9s, para que, com v\u00ednculo de amor, eu permane\u00e7a sempre a v\u00f3s ligado e jamais seja de v\u00f3s separado. Amo-vos mais do que a mim mesmo, arrependo-me de ter-vos ofendido. N\u00e3o permitais que eu novamente vos ofenda. Dai-me amor perp\u00e9tuo a v\u00f3s e fazei de mim o que quiserdes.<\/span><\/p>\n<p><b>Pai-nosso, Ave-Maria, Gl\u00f3ria.<\/b><\/p>\n<p>\u00a0<\/p>\n<h2><span style=\"font-weight: 400;\">12\u00aa Esta\u00e7\u00e3o &#8211; Jesus morre na Cruz<\/span><\/h2>\n<p><span style=\"font-weight: 400;\">\u2123. N\u00f3s vos adoramos, \u00f3 Cristo, e vos bendizemos.<\/span><\/p>\n<p><span style=\"font-weight: 400;\">\u211f. Porque, por vossa santa Cruz, redimistes o mundo.<\/span><\/p>\n<p><span style=\"font-weight: 400;\">Contemplemos Jesus preso \u00e0 nossa Cruz. Ap\u00f3s tr\u00eas horas de luta, consumido em fim pelas dores, Ele deu o corpo \u00e0 morte e, de cabe\u00e7a inclinada, entregou o esp\u00edrito.<\/span><\/p>\n<p><b>Ora\u00e7\u00e3o.<\/b><span style=\"font-weight: 400;\"> \u2014 \u00d3 Jesus morto, movido por \u00edntimos afetos de piedade, beijo esta Cruz em que v\u00f3s, por minha causa, cumpristes o curso de vossa vida. Pelos pecados cometidos, mereci uma morte infeliz; mas vossa morte \u00e9 minha esperan\u00e7a. Pelos m\u00e9ritos de vossa morte, concedei-me, pe\u00e7o-vos, que, abra\u00e7ado aos vossos p\u00e9s e abrasado de amor por v\u00f3s, eu entregue um dia meu esp\u00edrito. Amo-vos de todo o meu cora\u00e7\u00e3o; arrependo-me de ter-vos ofendido. N\u00e3o permitais que eu novamente vos ofenda. Dai-me amor perp\u00e9tuo a v\u00f3s e fazei de mim o que quiserdes.<\/span><\/p>\n<p><b>Pai-nosso, Ave-Maria, Gl\u00f3ria.<\/b><\/p>\n<p>\u00a0<\/p>\n<h2><span style=\"font-weight: 400;\">13\u00aa Esta\u00e7\u00e3o &#8211; Jesus \u00e9 descido da Cruz<\/span><\/h2>\n<p><span style=\"font-weight: 400;\">\u2123. N\u00f3s vos adoramos, \u00f3 Cristo, e vos bendizemos.<\/span><\/p>\n<p><span style=\"font-weight: 400;\">\u211f. Porque, por vossa santa Cruz, redimistes o mundo.<\/span><\/p>\n<p><span style=\"font-weight: 400;\">Contemplemos como dois dos disc\u00edpulos de Jesus, Jos\u00e9 e Nicodemos, o tiram ex\u00e2nime da Cruz e o colocam nos bra\u00e7os de sua M\u00e3e dolorosa, que recebe o Filho morto com grande amor e o abra\u00e7a ternamente.<\/span><\/p>\n<p><b>Ora\u00e7\u00e3o.<\/b><span style=\"font-weight: 400;\"> \u2014 \u00d3 M\u00e3e das Dores, pelo amor com que amais o vosso Filho, recebei-me como servo vosso e rogai a Ele por mim. E v\u00f3s, \u00f3 meu Redentor, porque por mim morrestes, fazei, benignamente, com que eu vos ame; a v\u00f3s somente desejo nem quero nada fora de v\u00f3s. Amo-vos, \u00f3 Jesus, meu Amor, e arrependo-me de ter-vos ofendido. N\u00e3o permitais que eu novamente vos ofenda. Dai-me amor perp\u00e9tuo a v\u00f3s e fazei de mim o que quiserdes.<\/span><\/p>\n<p><b>Pai-nosso, Ave-Maria, Gl\u00f3ria.<\/b><\/p>\n<p>\u00a0<\/p>\n<h2><span style=\"font-weight: 400;\">14\u00aa Esta\u00e7\u00e3o &#8211; Jesus \u00e9 sepultado<\/span><\/h2>\n<p><span style=\"font-weight: 400;\">\u2123. N\u00f3s vos adoramos, \u00f3 Cristo, e vos bendizemos.<\/span><\/p>\n<p><span style=\"font-weight: 400;\">\u211f. Porque, por vossa santa Cruz, redimistes o mundo.<\/span><\/p>\n<p><span style=\"font-weight: 400;\">Contemplemos como os disc\u00edpulos levam Jesus ex\u00e2nime ao lugar da sepultura. Triste, a M\u00e3e os acompanha e com as pr\u00f3prias m\u00e3os acomoda o corpo do Filho \u00e0 sepultura. Fecha-se este, enfim, e todos v\u00e3o-se embora.<\/span><\/p>\n<p><b>Ora\u00e7\u00e3o.<\/b><span style=\"font-weight: 400;\"> \u2014 \u00d3 Jesus sepultado, beijo esta pedra que vos acolheu; mas, ap\u00f3s tr\u00eas dias, haveis de ressurgir! Por vossa ressurrei\u00e7\u00e3o, fazei-me, eu vos pe\u00e7o, ressurgir glorioso convosco no \u00faltimo dia e ir para o C\u00e9u, onde, unido a v\u00f3s para sempre, vos hei de louvar e amar por toda a eternidade. Amo-vos e arrependo-me de ter-vos ofendido. N\u00e3o permitais que eu novamente vos ofenda. Dai-me amor perp\u00e9tuo a v\u00f3s e fazei de mim o que quiserdes.<\/span><\/p>\n<p><b>Pai-nosso, Ave-Maria, Gl\u00f3ria.<\/b><\/p>\n<p>\u00a0<\/p>\n<h2><span style=\"font-weight: 400;\">Ora\u00e7\u00e3o final a Jesus crucificado<\/span><\/h2>\n<p><span style=\"font-weight: 400;\">Eis-me aqui, \u00f3 meu bom e dulc\u00edssimo Jesus! Humildemente prostrado de joelhos em vossa presen\u00e7a, pe\u00e7o e suplico-vos, com todo o fervor de minha alma, que vos digneis gravar em meu cora\u00e7\u00e3o os mais vivos sentimentos de f\u00e9, esperan\u00e7a e caridade, de verdadeiro arrependimento de meus pecados, e um firme prop\u00f3sito de emendar-me, enquanto vou considerando, com vivo afeto e dor, as vossas cinco chagas, tendo presentes as palavras que j\u00e1 o profeta Davi punha em vossa boca, \u00f3 bom Jesus: \u201cTranspassaram minhas m\u00e3os e os meus p\u00e9s e contaram todos os meus ossos\u201d (Sl 21, 17).<\/span><\/p>\n<p>\u00a0<\/p>\n<h2><span style=\"font-weight: 400;\">A Nossa Senhora das Dores<\/span><\/h2>\n<p><span style=\"font-weight: 400;\">\u00d3 M\u00e3e das Dores, Rainha dos m\u00e1rtires, que tanto chorastes vosso Filho, morto para me salvar, alcan\u00e7ai-me uma verdadeira contri\u00e7\u00e3o dos meus pecados e uma sincera mudan\u00e7a de vida. M\u00e3e, pela dor que experimentastes quando vosso divino Filho, no meio de tantos tormentos, inclinando a cabe\u00e7a expirou \u00e0 vossa vista sobre a cruz, eu vos suplico que me alcanceis uma boa morte. Por piedade, \u00f3 advogada dos pecadores, n\u00e3o deixeis de amparar a minha alma na afli\u00e7\u00e3o e no combate da terr\u00edvel passagem desta vida \u00e0 eternidade. E, como \u00e9 poss\u00edvel que, neste momento, a palavra e a voz me faltem para pronunciar o vosso nome e o de Jesus, rogo-vos, desde j\u00e1, a v\u00f3s e a vosso divino Filho, que me socorrais nessa hora extrema, e assim direi: Jesus e Maria, entrego-vos a minha alma. <\/span><span style=\"font-weight: 400;\">Am\u00e9m.<\/span><\/p>\n\t\t\t\t\t\t\t\t<\/div>\n\t\t\t\t<\/div>\n\t\t\t\t\t<\/div>\n\t\t\t\t<\/div>\n\t\t\t\t<\/div>\n\t\t","protected":false},"excerpt":{"rendered":"<p>Ora\u00e7\u00e3o Inicial Senhor Jesus Cristo, v\u00f3s com tanto amor entrastes nesta via para morrerdes por mim; eu por\u00e9m tantas vezes vos desprezei! Agora, de toda a minha alma vos amo e, porque vos amo, arrependo-me do fundo do cora\u00e7\u00e3o de ter-vos ofendido. Perdoai-me e permiti que vos acompanhe nesta via. V\u00f3s, por amor a mim, [&hellip;]<\/p>\n","protected":false},"author":1,"featured_media":3192,"comment_status":"open","ping_status":"open","sticky":false,"template":"","format":"standard","meta":{"footnotes":""},"categories":[1],"tags":[],"class_list":["post-3191","post","type-post","status-publish","format-standard","has-post-thumbnail","hentry","category-blog"],"yoast_head":"<!-- This site is optimized with the Yoast SEO plugin v25.7 - https:\/\/yoast.com\/wordpress\/plugins\/seo\/ -->\n<title>Via Sacra com medita\u00e7\u00f5es de Santo Afonso de Lig\u00f3rio - Ordem Terceira<\/title>\n<meta name=\"robots\" content=\"index, follow, max-snippet:-1, max-image-preview:large, max-video-preview:-1\" \/>\n<link rel=\"canonical\" href=\"https:\/\/ordemterceira.com.br\/index.php\/2026\/03\/13\/via-sacra-com-meditacoes-de-santo-afonso-de-ligorio\/\" \/>\n<meta property=\"og:locale\" content=\"en_US\" \/>\n<meta property=\"og:type\" content=\"article\" \/>\n<meta property=\"og:title\" content=\"Via Sacra com medita\u00e7\u00f5es de Santo Afonso de Lig\u00f3rio - Ordem Terceira\" \/>\n<meta property=\"og:description\" content=\"Ora\u00e7\u00e3o Inicial Senhor Jesus Cristo, v\u00f3s com tanto amor entrastes nesta via para morrerdes por mim; eu por\u00e9m tantas vezes vos desprezei! Agora, de toda a minha alma vos amo e, porque vos amo, arrependo-me do fundo do cora\u00e7\u00e3o de ter-vos ofendido. Perdoai-me e permiti que vos acompanhe nesta via. V\u00f3s, por amor a mim, [&hellip;]\" \/>\n<meta property=\"og:url\" content=\"https:\/\/ordemterceira.com.br\/index.php\/2026\/03\/13\/via-sacra-com-meditacoes-de-santo-afonso-de-ligorio\/\" \/>\n<meta property=\"og:site_name\" content=\"Ordem Terceira\" \/>\n<meta property=\"article:published_time\" content=\"2026-03-13T10:00:00+00:00\" \/>\n<meta property=\"og:image\" content=\"https:\/\/ordemterceira.com.br\/wp-content\/uploads\/2026\/03\/Via-Sacra-com-meditacoes-de-Santo-Afonso-de-Ligorio-819x1024.png\" \/>\n\t<meta property=\"og:image:width\" content=\"819\" \/>\n\t<meta property=\"og:image:height\" content=\"1024\" \/>\n\t<meta property=\"og:image:type\" content=\"image\/png\" \/>\n<meta name=\"author\" content=\"admin\" \/>\n<meta name=\"twitter:card\" content=\"summary_large_image\" \/>\n<meta name=\"twitter:label1\" content=\"Written by\" \/>\n\t<meta name=\"twitter:data1\" content=\"admin\" \/>\n\t<meta name=\"twitter:label2\" content=\"Est. reading time\" \/>\n\t<meta name=\"twitter:data2\" content=\"11 minutes\" \/>\n<script type=\"application\/ld+json\" class=\"yoast-schema-graph\">{\"@context\":\"https:\/\/schema.org\",\"@graph\":[{\"@type\":\"Article\",\"@id\":\"https:\/\/ordemterceira.com.br\/index.php\/2026\/03\/13\/via-sacra-com-meditacoes-de-santo-afonso-de-ligorio\/#article\",\"isPartOf\":{\"@id\":\"https:\/\/ordemterceira.com.br\/index.php\/2026\/03\/13\/via-sacra-com-meditacoes-de-santo-afonso-de-ligorio\/\"},\"author\":{\"name\":\"admin\",\"@id\":\"https:\/\/ordemterceira.com.br\/#\/schema\/person\/3f761323fe3b257a0c2f1f1f5e8eab70\"},\"headline\":\"Via Sacra com medita\u00e7\u00f5es de Santo Afonso de Lig\u00f3rio\",\"datePublished\":\"2026-03-13T10:00:00+00:00\",\"mainEntityOfPage\":{\"@id\":\"https:\/\/ordemterceira.com.br\/index.php\/2026\/03\/13\/via-sacra-com-meditacoes-de-santo-afonso-de-ligorio\/\"},\"wordCount\":2590,\"commentCount\":0,\"publisher\":{\"@id\":\"https:\/\/ordemterceira.com.br\/#organization\"},\"image\":{\"@id\":\"https:\/\/ordemterceira.com.br\/index.php\/2026\/03\/13\/via-sacra-com-meditacoes-de-santo-afonso-de-ligorio\/#primaryimage\"},\"thumbnailUrl\":\"https:\/\/ordemterceira.com.br\/wp-content\/uploads\/2026\/03\/Via-Sacra-com-meditacoes-de-Santo-Afonso-de-Ligorio.png\",\"articleSection\":[\"Blog\"],\"inLanguage\":\"en-US\",\"potentialAction\":[{\"@type\":\"CommentAction\",\"name\":\"Comment\",\"target\":[\"https:\/\/ordemterceira.com.br\/index.php\/2026\/03\/13\/via-sacra-com-meditacoes-de-santo-afonso-de-ligorio\/#respond\"]}]},{\"@type\":\"WebPage\",\"@id\":\"https:\/\/ordemterceira.com.br\/index.php\/2026\/03\/13\/via-sacra-com-meditacoes-de-santo-afonso-de-ligorio\/\",\"url\":\"https:\/\/ordemterceira.com.br\/index.php\/2026\/03\/13\/via-sacra-com-meditacoes-de-santo-afonso-de-ligorio\/\",\"name\":\"Via Sacra com medita\u00e7\u00f5es de Santo Afonso de Lig\u00f3rio - Ordem Terceira\",\"isPartOf\":{\"@id\":\"https:\/\/ordemterceira.com.br\/#website\"},\"primaryImageOfPage\":{\"@id\":\"https:\/\/ordemterceira.com.br\/index.php\/2026\/03\/13\/via-sacra-com-meditacoes-de-santo-afonso-de-ligorio\/#primaryimage\"},\"image\":{\"@id\":\"https:\/\/ordemterceira.com.br\/index.php\/2026\/03\/13\/via-sacra-com-meditacoes-de-santo-afonso-de-ligorio\/#primaryimage\"},\"thumbnailUrl\":\"https:\/\/ordemterceira.com.br\/wp-content\/uploads\/2026\/03\/Via-Sacra-com-meditacoes-de-Santo-Afonso-de-Ligorio.png\",\"datePublished\":\"2026-03-13T10:00:00+00:00\",\"breadcrumb\":{\"@id\":\"https:\/\/ordemterceira.com.br\/index.php\/2026\/03\/13\/via-sacra-com-meditacoes-de-santo-afonso-de-ligorio\/#breadcrumb\"},\"inLanguage\":\"en-US\",\"potentialAction\":[{\"@type\":\"ReadAction\",\"target\":[\"https:\/\/ordemterceira.com.br\/index.php\/2026\/03\/13\/via-sacra-com-meditacoes-de-santo-afonso-de-ligorio\/\"]}]},{\"@type\":\"ImageObject\",\"inLanguage\":\"en-US\",\"@id\":\"https:\/\/ordemterceira.com.br\/index.php\/2026\/03\/13\/via-sacra-com-meditacoes-de-santo-afonso-de-ligorio\/#primaryimage\",\"url\":\"https:\/\/ordemterceira.com.br\/wp-content\/uploads\/2026\/03\/Via-Sacra-com-meditacoes-de-Santo-Afonso-de-Ligorio.png\",\"contentUrl\":\"https:\/\/ordemterceira.com.br\/wp-content\/uploads\/2026\/03\/Via-Sacra-com-meditacoes-de-Santo-Afonso-de-Ligorio.png\",\"width\":1080,\"height\":1350},{\"@type\":\"BreadcrumbList\",\"@id\":\"https:\/\/ordemterceira.com.br\/index.php\/2026\/03\/13\/via-sacra-com-meditacoes-de-santo-afonso-de-ligorio\/#breadcrumb\",\"itemListElement\":[{\"@type\":\"ListItem\",\"position\":1,\"name\":\"In\u00edcio\",\"item\":\"https:\/\/ordemterceira.com.br\/\"},{\"@type\":\"ListItem\",\"position\":2,\"name\":\"Via Sacra com medita\u00e7\u00f5es de Santo Afonso de Lig\u00f3rio\"}]},{\"@type\":\"WebSite\",\"@id\":\"https:\/\/ordemterceira.com.br\/#website\",\"url\":\"https:\/\/ordemterceira.com.br\/\",\"name\":\"Ordem Terceira\",\"description\":\"\",\"publisher\":{\"@id\":\"https:\/\/ordemterceira.com.br\/#organization\"},\"potentialAction\":[{\"@type\":\"SearchAction\",\"target\":{\"@type\":\"EntryPoint\",\"urlTemplate\":\"https:\/\/ordemterceira.com.br\/?s={search_term_string}\"},\"query-input\":{\"@type\":\"PropertyValueSpecification\",\"valueRequired\":true,\"valueName\":\"search_term_string\"}}],\"inLanguage\":\"en-US\"},{\"@type\":\"Organization\",\"@id\":\"https:\/\/ordemterceira.com.br\/#organization\",\"name\":\"Ordem Terceira\",\"url\":\"https:\/\/ordemterceira.com.br\/\",\"logo\":{\"@type\":\"ImageObject\",\"inLanguage\":\"en-US\",\"@id\":\"https:\/\/ordemterceira.com.br\/#\/schema\/logo\/image\/\",\"url\":\"https:\/\/ordemterceira.com.br\/wp-content\/uploads\/2023\/10\/Brasao-sem-fundo-150x150-1.png\",\"contentUrl\":\"https:\/\/ordemterceira.com.br\/wp-content\/uploads\/2023\/10\/Brasao-sem-fundo-150x150-1.png\",\"width\":150,\"height\":150,\"caption\":\"Ordem Terceira\"},\"image\":{\"@id\":\"https:\/\/ordemterceira.com.br\/#\/schema\/logo\/image\/\"},\"sameAs\":[\"https:\/\/www.instagram.com\/veneravelordem\/\",\"https:\/\/www.youtube.com\/@veneravelordem\"]},{\"@type\":\"Person\",\"@id\":\"https:\/\/ordemterceira.com.br\/#\/schema\/person\/3f761323fe3b257a0c2f1f1f5e8eab70\",\"name\":\"admin\",\"image\":{\"@type\":\"ImageObject\",\"inLanguage\":\"en-US\",\"@id\":\"https:\/\/ordemterceira.com.br\/#\/schema\/person\/image\/\",\"url\":\"https:\/\/secure.gravatar.com\/avatar\/9b8f13302512c0d92ca8b89e7abf6313603deaf0c9d2b236a5178700ee69f295?s=96&d=mm&r=g\",\"contentUrl\":\"https:\/\/secure.gravatar.com\/avatar\/9b8f13302512c0d92ca8b89e7abf6313603deaf0c9d2b236a5178700ee69f295?s=96&d=mm&r=g\",\"caption\":\"admin\"},\"sameAs\":[\"https:\/\/ordemterceira.com.br\"],\"url\":\"https:\/\/ordemterceira.com.br\/index.php\/author\/admin\/\"}]}<\/script>\n<!-- \/ Yoast SEO plugin. -->","yoast_head_json":{"title":"Via Sacra com medita\u00e7\u00f5es de Santo Afonso de Lig\u00f3rio - Ordem Terceira","robots":{"index":"index","follow":"follow","max-snippet":"max-snippet:-1","max-image-preview":"max-image-preview:large","max-video-preview":"max-video-preview:-1"},"canonical":"https:\/\/ordemterceira.com.br\/index.php\/2026\/03\/13\/via-sacra-com-meditacoes-de-santo-afonso-de-ligorio\/","og_locale":"en_US","og_type":"article","og_title":"Via Sacra com medita\u00e7\u00f5es de Santo Afonso de Lig\u00f3rio - Ordem Terceira","og_description":"Ora\u00e7\u00e3o Inicial Senhor Jesus Cristo, v\u00f3s com tanto amor entrastes nesta via para morrerdes por mim; eu por\u00e9m tantas vezes vos desprezei! Agora, de toda a minha alma vos amo e, porque vos amo, arrependo-me do fundo do cora\u00e7\u00e3o de ter-vos ofendido. Perdoai-me e permiti que vos acompanhe nesta via. V\u00f3s, por amor a mim, [&hellip;]","og_url":"https:\/\/ordemterceira.com.br\/index.php\/2026\/03\/13\/via-sacra-com-meditacoes-de-santo-afonso-de-ligorio\/","og_site_name":"Ordem Terceira","article_published_time":"2026-03-13T10:00:00+00:00","og_image":[{"width":819,"height":1024,"url":"https:\/\/ordemterceira.com.br\/wp-content\/uploads\/2026\/03\/Via-Sacra-com-meditacoes-de-Santo-Afonso-de-Ligorio-819x1024.png","type":"image\/png"}],"author":"admin","twitter_card":"summary_large_image","twitter_misc":{"Written by":"admin","Est. reading time":"11 minutes"},"schema":{"@context":"https:\/\/schema.org","@graph":[{"@type":"Article","@id":"https:\/\/ordemterceira.com.br\/index.php\/2026\/03\/13\/via-sacra-com-meditacoes-de-santo-afonso-de-ligorio\/#article","isPartOf":{"@id":"https:\/\/ordemterceira.com.br\/index.php\/2026\/03\/13\/via-sacra-com-meditacoes-de-santo-afonso-de-ligorio\/"},"author":{"name":"admin","@id":"https:\/\/ordemterceira.com.br\/#\/schema\/person\/3f761323fe3b257a0c2f1f1f5e8eab70"},"headline":"Via Sacra com medita\u00e7\u00f5es de Santo Afonso de Lig\u00f3rio","datePublished":"2026-03-13T10:00:00+00:00","mainEntityOfPage":{"@id":"https:\/\/ordemterceira.com.br\/index.php\/2026\/03\/13\/via-sacra-com-meditacoes-de-santo-afonso-de-ligorio\/"},"wordCount":2590,"commentCount":0,"publisher":{"@id":"https:\/\/ordemterceira.com.br\/#organization"},"image":{"@id":"https:\/\/ordemterceira.com.br\/index.php\/2026\/03\/13\/via-sacra-com-meditacoes-de-santo-afonso-de-ligorio\/#primaryimage"},"thumbnailUrl":"https:\/\/ordemterceira.com.br\/wp-content\/uploads\/2026\/03\/Via-Sacra-com-meditacoes-de-Santo-Afonso-de-Ligorio.png","articleSection":["Blog"],"inLanguage":"en-US","potentialAction":[{"@type":"CommentAction","name":"Comment","target":["https:\/\/ordemterceira.com.br\/index.php\/2026\/03\/13\/via-sacra-com-meditacoes-de-santo-afonso-de-ligorio\/#respond"]}]},{"@type":"WebPage","@id":"https:\/\/ordemterceira.com.br\/index.php\/2026\/03\/13\/via-sacra-com-meditacoes-de-santo-afonso-de-ligorio\/","url":"https:\/\/ordemterceira.com.br\/index.php\/2026\/03\/13\/via-sacra-com-meditacoes-de-santo-afonso-de-ligorio\/","name":"Via Sacra com medita\u00e7\u00f5es de Santo Afonso de Lig\u00f3rio - Ordem Terceira","isPartOf":{"@id":"https:\/\/ordemterceira.com.br\/#website"},"primaryImageOfPage":{"@id":"https:\/\/ordemterceira.com.br\/index.php\/2026\/03\/13\/via-sacra-com-meditacoes-de-santo-afonso-de-ligorio\/#primaryimage"},"image":{"@id":"https:\/\/ordemterceira.com.br\/index.php\/2026\/03\/13\/via-sacra-com-meditacoes-de-santo-afonso-de-ligorio\/#primaryimage"},"thumbnailUrl":"https:\/\/ordemterceira.com.br\/wp-content\/uploads\/2026\/03\/Via-Sacra-com-meditacoes-de-Santo-Afonso-de-Ligorio.png","datePublished":"2026-03-13T10:00:00+00:00","breadcrumb":{"@id":"https:\/\/ordemterceira.com.br\/index.php\/2026\/03\/13\/via-sacra-com-meditacoes-de-santo-afonso-de-ligorio\/#breadcrumb"},"inLanguage":"en-US","potentialAction":[{"@type":"ReadAction","target":["https:\/\/ordemterceira.com.br\/index.php\/2026\/03\/13\/via-sacra-com-meditacoes-de-santo-afonso-de-ligorio\/"]}]},{"@type":"ImageObject","inLanguage":"en-US","@id":"https:\/\/ordemterceira.com.br\/index.php\/2026\/03\/13\/via-sacra-com-meditacoes-de-santo-afonso-de-ligorio\/#primaryimage","url":"https:\/\/ordemterceira.com.br\/wp-content\/uploads\/2026\/03\/Via-Sacra-com-meditacoes-de-Santo-Afonso-de-Ligorio.png","contentUrl":"https:\/\/ordemterceira.com.br\/wp-content\/uploads\/2026\/03\/Via-Sacra-com-meditacoes-de-Santo-Afonso-de-Ligorio.png","width":1080,"height":1350},{"@type":"BreadcrumbList","@id":"https:\/\/ordemterceira.com.br\/index.php\/2026\/03\/13\/via-sacra-com-meditacoes-de-santo-afonso-de-ligorio\/#breadcrumb","itemListElement":[{"@type":"ListItem","position":1,"name":"In\u00edcio","item":"https:\/\/ordemterceira.com.br\/"},{"@type":"ListItem","position":2,"name":"Via Sacra com medita\u00e7\u00f5es de Santo Afonso de Lig\u00f3rio"}]},{"@type":"WebSite","@id":"https:\/\/ordemterceira.com.br\/#website","url":"https:\/\/ordemterceira.com.br\/","name":"Ordem Terceira","description":"","publisher":{"@id":"https:\/\/ordemterceira.com.br\/#organization"},"potentialAction":[{"@type":"SearchAction","target":{"@type":"EntryPoint","urlTemplate":"https:\/\/ordemterceira.com.br\/?s={search_term_string}"},"query-input":{"@type":"PropertyValueSpecification","valueRequired":true,"valueName":"search_term_string"}}],"inLanguage":"en-US"},{"@type":"Organization","@id":"https:\/\/ordemterceira.com.br\/#organization","name":"Ordem Terceira","url":"https:\/\/ordemterceira.com.br\/","logo":{"@type":"ImageObject","inLanguage":"en-US","@id":"https:\/\/ordemterceira.com.br\/#\/schema\/logo\/image\/","url":"https:\/\/ordemterceira.com.br\/wp-content\/uploads\/2023\/10\/Brasao-sem-fundo-150x150-1.png","contentUrl":"https:\/\/ordemterceira.com.br\/wp-content\/uploads\/2023\/10\/Brasao-sem-fundo-150x150-1.png","width":150,"height":150,"caption":"Ordem Terceira"},"image":{"@id":"https:\/\/ordemterceira.com.br\/#\/schema\/logo\/image\/"},"sameAs":["https:\/\/www.instagram.com\/veneravelordem\/","https:\/\/www.youtube.com\/@veneravelordem"]},{"@type":"Person","@id":"https:\/\/ordemterceira.com.br\/#\/schema\/person\/3f761323fe3b257a0c2f1f1f5e8eab70","name":"admin","image":{"@type":"ImageObject","inLanguage":"en-US","@id":"https:\/\/ordemterceira.com.br\/#\/schema\/person\/image\/","url":"https:\/\/secure.gravatar.com\/avatar\/9b8f13302512c0d92ca8b89e7abf6313603deaf0c9d2b236a5178700ee69f295?s=96&d=mm&r=g","contentUrl":"https:\/\/secure.gravatar.com\/avatar\/9b8f13302512c0d92ca8b89e7abf6313603deaf0c9d2b236a5178700ee69f295?s=96&d=mm&r=g","caption":"admin"},"sameAs":["https:\/\/ordemterceira.com.br"],"url":"https:\/\/ordemterceira.com.br\/index.php\/author\/admin\/"}]}},"_links":{"self":[{"href":"https:\/\/ordemterceira.com.br\/index.php\/wp-json\/wp\/v2\/posts\/3191","targetHints":{"allow":["GET"]}}],"collection":[{"href":"https:\/\/ordemterceira.com.br\/index.php\/wp-json\/wp\/v2\/posts"}],"about":[{"href":"https:\/\/ordemterceira.com.br\/index.php\/wp-json\/wp\/v2\/types\/post"}],"author":[{"embeddable":true,"href":"https:\/\/ordemterceira.com.br\/index.php\/wp-json\/wp\/v2\/users\/1"}],"replies":[{"embeddable":true,"href":"https:\/\/ordemterceira.com.br\/index.php\/wp-json\/wp\/v2\/comments?post=3191"}],"version-history":[{"count":4,"href":"https:\/\/ordemterceira.com.br\/index.php\/wp-json\/wp\/v2\/posts\/3191\/revisions"}],"predecessor-version":[{"id":3196,"href":"https:\/\/ordemterceira.com.br\/index.php\/wp-json\/wp\/v2\/posts\/3191\/revisions\/3196"}],"wp:featuredmedia":[{"embeddable":true,"href":"https:\/\/ordemterceira.com.br\/index.php\/wp-json\/wp\/v2\/media\/3192"}],"wp:attachment":[{"href":"https:\/\/ordemterceira.com.br\/index.php\/wp-json\/wp\/v2\/media?parent=3191"}],"wp:term":[{"taxonomy":"category","embeddable":true,"href":"https:\/\/ordemterceira.com.br\/index.php\/wp-json\/wp\/v2\/categories?post=3191"},{"taxonomy":"post_tag","embeddable":true,"href":"https:\/\/ordemterceira.com.br\/index.php\/wp-json\/wp\/v2\/tags?post=3191"}],"curies":[{"name":"wp","href":"https:\/\/api.w.org\/{rel}","templated":true}]}}